{"id":9009,"date":"2019-07-29T20:34:00","date_gmt":"2019-07-30T01:34:00","guid":{"rendered":"http:\/\/diariodigitalmx.com\/?p=9009"},"modified":"2019-07-29T20:34:00","modified_gmt":"2019-07-30T01:34:00","slug":"a-el-bronco-no-le-gusta-que-amlo-de-dinero-a-centroamerica","status":"publish","type":"post","link":"https:\/\/diariodigitalmx.com\/index.php\/2019\/07\/29\/a-el-bronco-no-le-gusta-que-amlo-de-dinero-a-centroamerica\/","title":{"rendered":"A El Bronco, no le gusta que AMLO de dinero a centroam\u00e9rica"},"content":{"rendered":"\n<p>El dinero le sirve m\u00e1s a los mexicanos que a los centroamericanos, dijo el gobernador de Nuevo Le\u00f3n Jaime Rodr\u00edguez Calder\u00f3n.<br><\/p>\n\n\n\n<p>El Bronco, critic\u00f3 al presidente de la rep\u00fablica, Andr\u00e9s Manuel L\u00f3pez Obrador, por destinar 90 millones de d\u00f3lares al desarrollo de Centroam\u00e9rica por lo que no est\u00e1 bien quitarles el dinero.<br><\/p>\n\n\n\n<p>&#8220;Es como si yo dijera, voy a apoyar a los pobres de Coahuila, que va a decir la gente de Nuevo Le\u00f3n, me eligieron como gobernador de este estado, yo tambi\u00e9n se lo voy a decir al presidente, \u00e9l tendr\u00e1 sus argumentos, pero creo que M\u00e9xico necesita de ese dinero&#8221;.<br><\/p>\n\n\n\n<p>&#8220;No est\u00e1 bien quitarle dinero a los trabajadores &nbsp;para utilizarlo en otro pa\u00eds, por lo que deber\u00eda de consultarlo antes de hacerlos realidad&#8221;, opin\u00f3.<br><\/p>\n\n\n\n<p>El gobernador refiri\u00f3 a la complicada situaci\u00f3n que se vive en el sur del pa\u00eds, por lo que ese dinero le servir\u00eda m\u00e1s a los mexicanos, y aunque se trate de una labor humanitaria no comprende que se use la chequera libremente.<br><\/p>\n\n\n\n<p>No est\u00e1 bien quitarles el dinero a los &nbsp;trabajadores para darlos a los pa\u00edses centroamericanos, insisti\u00f3 tras un evento de organizaciones civiles.<br><\/p>\n\n\n\n<p>En diversas ocasiones el gobernador de Nuevo Le\u00f3n ha criticado al presidente L\u00f3pez Obrador &nbsp;principalmente en lo que considera un manejo inequitativo de los recursos y las participaciones federales.<br><\/p>\n\n\n\n<p>Inclusive lleg\u00f3 a opinar que Nuevo Le\u00f3n podr\u00eda dejar la Federaci\u00f3n y separarse del pacto federal.<\/p>\n\n\n\n<p><\/p>\n","protected":false},"excerpt":{"rendered":"<p>El dinero le sirve m\u00e1s a los mexicanos que a los centroamericanos, dijo el gobernador de Nuevo Le\u00f3n Jaime Rodr\u00edguez Calder\u00f3n. El Bronco, critic\u00f3 al presidente de la rep\u00fablica, Andr\u00e9s Manuel L\u00f3pez Obrador, por destinar 90 millones de d\u00f3lares al desarrollo de Centroam\u00e9rica por lo que no est\u00e1 bien quitarles el dinero. &#8220;Es como si [&hellip;]<\/p>\n","protected":false},"author":1,"featured_media":9011,"comment_status":"open","ping_status":"open","sticky":true,"template":"","format":"standard","meta":{"footnotes":""},"categories":[6],"tags":[],"_links":{"self":[{"href":"https:\/\/diariodigitalmx.com\/index.php\/wp-json\/wp\/v2\/posts\/9009"}],"collection":[{"href":"https:\/\/diariodigitalmx.com\/index.php\/wp-json\/wp\/v2\/posts"}],"about":[{"href":"https:\/\/diariodigitalmx.com\/index.php\/wp-json\/wp\/v2\/types\/post"}],"author":[{"embeddable":true,"href":"https:\/\/diariodigitalmx.com\/index.php\/wp-json\/wp\/v2\/users\/1"}],"replies":[{"embeddable":true,"href":"https:\/\/diariodigitalmx.com\/index.php\/wp-json\/wp\/v2\/comments?post=9009"}],"version-history":[{"count":1,"href":"https:\/\/diariodigitalmx.com\/index.php\/wp-json\/wp\/v2\/posts\/9009\/revisions"}],"predecessor-version":[{"id":9010,"href":"https:\/\/diariodigitalmx.com\/index.php\/wp-json\/wp\/v2\/posts\/9009\/revisions\/9010"}],"wp:featuredmedia":[{"embeddable":true,"href":"https:\/\/diariodigitalmx.com\/index.php\/wp-json\/wp\/v2\/media\/9011"}],"wp:attachment":[{"href":"https:\/\/diariodigitalmx.com\/index.php\/wp-json\/wp\/v2\/media?parent=9009"}],"wp:term":[{"taxonomy":"category","embeddable":true,"href":"https:\/\/diariodigitalmx.com\/index.php\/wp-json\/wp\/v2\/categories?post=9009"},{"taxonomy":"post_tag","embeddable":true,"href":"https:\/\/diariodigitalmx.com\/index.php\/wp-json\/wp\/v2\/tags?post=9009"}],"curies":[{"name":"wp","href":"https:\/\/api.w.org\/{rel}","templated":true}]}}