{"id":9012,"date":"2019-07-29T20:52:13","date_gmt":"2019-07-30T01:52:13","guid":{"rendered":"http:\/\/diariodigitalmx.com\/?p=9012"},"modified":"2019-07-29T20:53:33","modified_gmt":"2019-07-30T01:53:33","slug":"presentan-a-janssen-con-rayados","status":"publish","type":"post","link":"https:\/\/diariodigitalmx.com\/index.php\/2019\/07\/29\/presentan-a-janssen-con-rayados\/","title":{"rendered":"Presentan a Janssen con Rayados"},"content":{"rendered":"\n<p>Monterrey, N. L- Vincent Janssen fue presentado como nuevo jugador de los Rayados y dijo que el clima ser\u00e1 lo m\u00e1s dif\u00edcil para adaptarse, al tomar en cuenta las altas temperaturas que aqu\u00ed predominan.<br><\/p>\n\n\n\n<p>&#8220;Estoy muy contento de estar aqu\u00ed, s\u00e9 que es un gran equipo, una gran Liga, s\u00e9 que la calidad de la Liga es muy alta, voy a tener muy buenos compa\u00f1eros&#8221;, coment\u00f3 el holand\u00e9s.<br><\/p>\n\n\n\n<p>&#8220;Voy a tratar de adaptarme lo m\u00e1s pronto posible para jugar un f\u00fatbol interesante y en el medio campo voy a hacerlo lo mejor que pueda&#8221;.<br><\/p>\n\n\n\n<p>El atacante holand\u00e9s fue presentado oficialmente por Duilio Davino, presidente de Rayados &nbsp;y luego se enfund\u00f3 en su nueva camiseta, con el dorsal 9.<\/p>\n\n\n\n<p><br><\/p>\n\n\n\n<figure class=\"wp-block-image\"><img loading=\"lazy\" decoding=\"async\" width=\"682\" height=\"1024\" src=\"http:\/\/diariodigitalmx.com\/wp-content\/uploads\/2019\/07\/IMG-20190729-WA0008-682x1024.jpg\" alt=\"\" class=\"wp-image-9015\" srcset=\"https:\/\/diariodigitalmx.com\/wp-content\/uploads\/2019\/07\/IMG-20190729-WA0008-682x1024.jpg 682w, https:\/\/diariodigitalmx.com\/wp-content\/uploads\/2019\/07\/IMG-20190729-WA0008-200x300.jpg 200w, https:\/\/diariodigitalmx.com\/wp-content\/uploads\/2019\/07\/IMG-20190729-WA0008-768x1152.jpg 768w, https:\/\/diariodigitalmx.com\/wp-content\/uploads\/2019\/07\/IMG-20190729-WA0008.jpg 853w\" sizes=\"(max-width: 682px) 100vw, 682px\" \/><\/figure>\n\n\n\n<p>Tras posar con la playera, &nbsp;conoci\u00f3 el estadio rayado el cual le daba la bienvenida al jugador en las pantallas gigantes, incluso algunos aficionados lo saludaron grit\u00e1ndole desde la terraza del restaurante Azul, a lo que fueron saludados por el atacante desde la cancha.<br><\/p>\n\n\n\n<p>Tambi\u00e9n domin\u00f3 el bal\u00f3n y pos\u00f3 con seis aficionados en la cancha.<\/p>\n\n\n\n<p><br><\/p>\n\n\n\n<figure class=\"wp-block-image\"><img loading=\"lazy\" decoding=\"async\" width=\"1024\" height=\"682\" src=\"http:\/\/diariodigitalmx.com\/wp-content\/uploads\/2019\/07\/IMG-20190729-WA0005-1024x682.jpg\" alt=\"\" class=\"wp-image-9017\" srcset=\"https:\/\/diariodigitalmx.com\/wp-content\/uploads\/2019\/07\/IMG-20190729-WA0005-1024x682.jpg 1024w, https:\/\/diariodigitalmx.com\/wp-content\/uploads\/2019\/07\/IMG-20190729-WA0005-300x200.jpg 300w, https:\/\/diariodigitalmx.com\/wp-content\/uploads\/2019\/07\/IMG-20190729-WA0005-768x512.jpg 768w, https:\/\/diariodigitalmx.com\/wp-content\/uploads\/2019\/07\/IMG-20190729-WA0005.jpg 1280w\" sizes=\"(max-width: 1024px) 100vw, 1024px\" \/><\/figure>\n\n\n\n<p>Refiri\u00f3 que el clima es un reto para adaptarse al saber &nbsp;del intenso calor que hace en Monterrey, incluso Davino le dijo que hoy no hac\u00eda calor, lo que caus\u00f3 risas entre los presentes.<br><\/p>\n\n\n\n<p>&#8220;Siempre que cambias de equipo, de Ciudad, de pa\u00eds, hay un proceso de adaptaci\u00f3n, pero el club desde el primer momento ha hecho todo lo posible para que yo me adapte m\u00e1s r\u00e1pidamente y voy hacer todo lo posible para adaptarme lo m\u00e1s pronto posible&#8221;.<br><\/p>\n\n\n\n<p><\/p>\n","protected":false},"excerpt":{"rendered":"<p>Monterrey, N. L- Vincent Janssen fue presentado como nuevo jugador de los Rayados y dijo que el clima ser\u00e1 lo m\u00e1s dif\u00edcil para adaptarse, al tomar en cuenta las altas temperaturas que aqu\u00ed predominan. &#8220;Estoy muy contento de estar aqu\u00ed, s\u00e9 que es un gran equipo, una gran Liga, s\u00e9 que la calidad de la [&hellip;]<\/p>\n","protected":false},"author":1,"featured_media":9014,"comment_status":"open","ping_status":"open","sticky":true,"template":"","format":"standard","meta":{"footnotes":""},"categories":[8],"tags":[],"_links":{"self":[{"href":"https:\/\/diariodigitalmx.com\/index.php\/wp-json\/wp\/v2\/posts\/9012"}],"collection":[{"href":"https:\/\/diariodigitalmx.com\/index.php\/wp-json\/wp\/v2\/posts"}],"about":[{"href":"https:\/\/diariodigitalmx.com\/index.php\/wp-json\/wp\/v2\/types\/post"}],"author":[{"embeddable":true,"href":"https:\/\/diariodigitalmx.com\/index.php\/wp-json\/wp\/v2\/users\/1"}],"replies":[{"embeddable":true,"href":"https:\/\/diariodigitalmx.com\/index.php\/wp-json\/wp\/v2\/comments?post=9012"}],"version-history":[{"count":4,"href":"https:\/\/diariodigitalmx.com\/index.php\/wp-json\/wp\/v2\/posts\/9012\/revisions"}],"predecessor-version":[{"id":9019,"href":"https:\/\/diariodigitalmx.com\/index.php\/wp-json\/wp\/v2\/posts\/9012\/revisions\/9019"}],"wp:featuredmedia":[{"embeddable":true,"href":"https:\/\/diariodigitalmx.com\/index.php\/wp-json\/wp\/v2\/media\/9014"}],"wp:attachment":[{"href":"https:\/\/diariodigitalmx.com\/index.php\/wp-json\/wp\/v2\/media?parent=9012"}],"wp:term":[{"taxonomy":"category","embeddable":true,"href":"https:\/\/diariodigitalmx.com\/index.php\/wp-json\/wp\/v2\/categories?post=9012"},{"taxonomy":"post_tag","embeddable":true,"href":"https:\/\/diariodigitalmx.com\/index.php\/wp-json\/wp\/v2\/tags?post=9012"}],"curies":[{"name":"wp","href":"https:\/\/api.w.org\/{rel}","templated":true}]}}