{"id":9027,"date":"2019-07-30T06:10:24","date_gmt":"2019-07-30T11:10:24","guid":{"rendered":"http:\/\/diariodigitalmx.com\/?p=9027"},"modified":"2019-07-30T06:10:26","modified_gmt":"2019-07-30T11:10:26","slug":"por-cierto-90","status":"publish","type":"post","link":"https:\/\/diariodigitalmx.com\/index.php\/2019\/07\/30\/por-cierto-90\/","title":{"rendered":"Por cierto&#8230;"},"content":{"rendered":"\n<p>\u00d3scar Tamez Rodr\u00edguez<\/p>\n\n\n\n<p>Hacienda anuncia que abre la cartera e inicia obras de inversi\u00f3n, se espera que esto sea como el yodo, que desintegre el nudo formado en el inicio del sexenio. Vaya, se culpa al gobierno de paralizar la econom\u00eda al no gastar y ahorrar, pero nadie pregunta por el dinero de los inversionistas privados, esos que presumen arriesgar capitales y que no se les ve produciendo por M\u00e9xico&#8230; Ayer Ver\u00f3nica Sada tuvo casa llena en el club industrial donde los ponentes hablaron del tema energ\u00e9tico. Otro \u00e9xito de PRO&#8230; Se comenta en las redes de gente vinculada a Santiago, NL, que en la ruta a Mty., entre el C5 y el centro comercial esfera; hay autos compactos que intentan chocar a conductoras, principalmente. Una de ellas logro parar junto a los tr\u00e1nsitos que controlan el carril de contraflujo y le comentaron se est\u00e1n presentando casos frecuentes de este tipo. \u00a1Ojal\u00e1 no regresemos a los a\u00f1os donde la carretera estaba sola por los temores a la inseguridad organizada!<br>Oscar Tamez Rdz.&nbsp;<a rel=\"noreferrer noopener\" href=\"http:\/\/www.estudiospoliticos.mx\/\" target=\"_blank\">www.estudiospoliticos.mx<\/a><a rel=\"noreferrer noopener\" href=\"http:\/\/facebook.com\/EstudiosPoliticos.mx\" target=\"_blank\">Facebook.com\/EstudiosPoliticos.mx<\/a>@EstudiosMx<\/p>\n\n\n\n<p><\/p>\n","protected":false},"excerpt":{"rendered":"<p>\u00d3scar Tamez Rodr\u00edguez Hacienda anuncia que abre la cartera e inicia obras de inversi\u00f3n, se espera que esto sea como el yodo, que desintegre el nudo formado en el inicio del sexenio. Vaya, se culpa al gobierno de paralizar la econom\u00eda al no gastar y ahorrar, pero nadie pregunta por el dinero de los inversionistas [&hellip;]<\/p>\n","protected":false},"author":1,"featured_media":9029,"comment_status":"open","ping_status":"open","sticky":true,"template":"","format":"standard","meta":{"footnotes":""},"categories":[12],"tags":[],"_links":{"self":[{"href":"https:\/\/diariodigitalmx.com\/index.php\/wp-json\/wp\/v2\/posts\/9027"}],"collection":[{"href":"https:\/\/diariodigitalmx.com\/index.php\/wp-json\/wp\/v2\/posts"}],"about":[{"href":"https:\/\/diariodigitalmx.com\/index.php\/wp-json\/wp\/v2\/types\/post"}],"author":[{"embeddable":true,"href":"https:\/\/diariodigitalmx.com\/index.php\/wp-json\/wp\/v2\/users\/1"}],"replies":[{"embeddable":true,"href":"https:\/\/diariodigitalmx.com\/index.php\/wp-json\/wp\/v2\/comments?post=9027"}],"version-history":[{"count":2,"href":"https:\/\/diariodigitalmx.com\/index.php\/wp-json\/wp\/v2\/posts\/9027\/revisions"}],"predecessor-version":[{"id":9030,"href":"https:\/\/diariodigitalmx.com\/index.php\/wp-json\/wp\/v2\/posts\/9027\/revisions\/9030"}],"wp:featuredmedia":[{"embeddable":true,"href":"https:\/\/diariodigitalmx.com\/index.php\/wp-json\/wp\/v2\/media\/9029"}],"wp:attachment":[{"href":"https:\/\/diariodigitalmx.com\/index.php\/wp-json\/wp\/v2\/media?parent=9027"}],"wp:term":[{"taxonomy":"category","embeddable":true,"href":"https:\/\/diariodigitalmx.com\/index.php\/wp-json\/wp\/v2\/categories?post=9027"},{"taxonomy":"post_tag","embeddable":true,"href":"https:\/\/diariodigitalmx.com\/index.php\/wp-json\/wp\/v2\/tags?post=9027"}],"curies":[{"name":"wp","href":"https:\/\/api.w.org\/{rel}","templated":true}]}}