{"id":9048,"date":"2019-07-30T16:21:21","date_gmt":"2019-07-30T21:21:21","guid":{"rendered":"http:\/\/diariodigitalmx.com\/?p=9048"},"modified":"2019-07-30T16:21:22","modified_gmt":"2019-07-30T21:21:22","slug":"crece-3-5-por-ciento-empleo-manufacturero-en-mayo","status":"publish","type":"post","link":"https:\/\/diariodigitalmx.com\/index.php\/2019\/07\/30\/crece-3-5-por-ciento-empleo-manufacturero-en-mayo\/","title":{"rendered":"Crece 3.5 por ciento empleo manufacturero en mayo"},"content":{"rendered":"\n<p>En mayo de este a\u00f1o, el\npersonal ocupado en los establecimientos con programa&nbsp;<strong>IMMEX&nbsp;<\/strong>(<strong>Industria\nManufacturera, Maquiladora y de Servicios de Exportaci\u00f3n<\/strong>)\ncreci\u00f3 3.5 por ciento respecto a igual mes del a\u00f1o pasado, con cifras\ndesestacionalizadas, con una tendencia positiva a tasa anual desde finales de\n2009.<\/p>\n\n\n\n<p>El&nbsp;<a href=\"https:\/\/www.inegi.org.mx\/\">Instituto\nNacional de Estad\u00edstica y Geograf\u00eda (INEGI)<\/a>&nbsp;inform\u00f3 que en mayo\npasado las horas trabajadas fueron mayores en 2.0 por ciento y las\nremuneraciones medias reales en 3.1 por ciento respecto a mayo de 2018.<\/p>\n\n\n\n<p>A su vez, el personal\nocupado en los establecimientos con programa&nbsp;<strong>IMMEX<\/strong>&nbsp;aument\u00f3 0.3 por ciento en mayo de este a\u00f1o respecto al\nmes inmediato anterior, con cifras desestacionalizadas, extendiendo un\ncomportamiento positivo en los \u00faltimos dos a\u00f1os.<\/p>\n\n\n\n<p><\/p>\n\n\n\n<p>Seg\u00fan el tipo de establecimiento en el que labora, apunt\u00f3 que en los no manufactureros (que llevan a cabo actividades relativas a la agricultura, pesca, comercio y a los servicios) creci\u00f3 0.5 por ciento y en los manufactureros 0.3 por ciento a tasa mensual.<\/p>\n\n\n\n<p>En el quinto mes de 2019, las horas trabajadas reflejaron una ca\u00edda de 0.2 por ciento y las remuneraciones medias reales pagadas al personal contratado directamente por los establecimientos con programa&nbsp;<strong>IMMEX<\/strong>&nbsp;presentaron una disminuci\u00f3n de 0.2 por ciento con relaci\u00f3n a las de abril pasado, seg\u00fan datos desestacionalizados.<\/p>\n","protected":false},"excerpt":{"rendered":"<p>En mayo de este a\u00f1o, el personal ocupado en los establecimientos con programa&nbsp;IMMEX&nbsp;(Industria Manufacturera, Maquiladora y de Servicios de Exportaci\u00f3n) creci\u00f3 3.5 por ciento respecto a igual mes del a\u00f1o pasado, con cifras desestacionalizadas, con una tendencia positiva a tasa anual desde finales de 2009. El&nbsp;Instituto Nacional de Estad\u00edstica y Geograf\u00eda (INEGI)&nbsp;inform\u00f3 que en mayo [&hellip;]<\/p>\n","protected":false},"author":1,"featured_media":9050,"comment_status":"open","ping_status":"open","sticky":true,"template":"","format":"standard","meta":{"footnotes":""},"categories":[10],"tags":[],"_links":{"self":[{"href":"https:\/\/diariodigitalmx.com\/index.php\/wp-json\/wp\/v2\/posts\/9048"}],"collection":[{"href":"https:\/\/diariodigitalmx.com\/index.php\/wp-json\/wp\/v2\/posts"}],"about":[{"href":"https:\/\/diariodigitalmx.com\/index.php\/wp-json\/wp\/v2\/types\/post"}],"author":[{"embeddable":true,"href":"https:\/\/diariodigitalmx.com\/index.php\/wp-json\/wp\/v2\/users\/1"}],"replies":[{"embeddable":true,"href":"https:\/\/diariodigitalmx.com\/index.php\/wp-json\/wp\/v2\/comments?post=9048"}],"version-history":[{"count":1,"href":"https:\/\/diariodigitalmx.com\/index.php\/wp-json\/wp\/v2\/posts\/9048\/revisions"}],"predecessor-version":[{"id":9049,"href":"https:\/\/diariodigitalmx.com\/index.php\/wp-json\/wp\/v2\/posts\/9048\/revisions\/9049"}],"wp:featuredmedia":[{"embeddable":true,"href":"https:\/\/diariodigitalmx.com\/index.php\/wp-json\/wp\/v2\/media\/9050"}],"wp:attachment":[{"href":"https:\/\/diariodigitalmx.com\/index.php\/wp-json\/wp\/v2\/media?parent=9048"}],"wp:term":[{"taxonomy":"category","embeddable":true,"href":"https:\/\/diariodigitalmx.com\/index.php\/wp-json\/wp\/v2\/categories?post=9048"},{"taxonomy":"post_tag","embeddable":true,"href":"https:\/\/diariodigitalmx.com\/index.php\/wp-json\/wp\/v2\/tags?post=9048"}],"curies":[{"name":"wp","href":"https:\/\/api.w.org\/{rel}","templated":true}]}}