{"id":9051,"date":"2019-07-30T16:26:21","date_gmt":"2019-07-30T21:26:21","guid":{"rendered":"http:\/\/diariodigitalmx.com\/?p=9051"},"modified":"2019-07-30T16:26:22","modified_gmt":"2019-07-30T21:26:22","slug":"dice-presidente-lopez-obrador-que-no-hay-asomo-de-inestabilidad-economica","status":"publish","type":"post","link":"https:\/\/diariodigitalmx.com\/index.php\/2019\/07\/30\/dice-presidente-lopez-obrador-que-no-hay-asomo-de-inestabilidad-economica\/","title":{"rendered":"Dice presidente L\u00f3pez Obrador que no hay asomo de inestabilidad econ\u00f3mica"},"content":{"rendered":"\n<p>El presidente Andr\u00e9s Manuel L\u00f3pez Obrador asever\u00f3 que el pa\u00eds vive una situaci\u00f3n de estabilidad y la gente est\u00e1 contenta con el cambio que se dio el 1 de julio de 2018, algo que \u00e9l puede constatar durante sus giras de trabajo por todo el pa\u00eds.<\/p>\n\n\n\n<p>\u201cNo hay ning\u00fan asomo de inestabilidad pol\u00edtica, la oposici\u00f3n act\u00faa con responsabilidad\u201d, anot\u00f3 en rueda de prensa en Palacio Nacional, donde indic\u00f3 \u201chay felicidad con nuestro pueblo\u201d.<\/p>\n\n\n\n<p>L\u00f3pez Obrador reconoci\u00f3 que \u201chay algunos que est\u00e1n confundidos, fuera de quicio, pero ya se est\u00e1n serenando&#8230; No va m\u00e1s all\u00e1 de los cuestionamientos, pero es consustancial a la democracia el que haya cr\u00edticas, de que se cuestione al gobierno pero no ha pasado a mayores\u201d, coment\u00f3.<\/p>\n","protected":false},"excerpt":{"rendered":"<p>El presidente Andr\u00e9s Manuel L\u00f3pez Obrador asever\u00f3 que el pa\u00eds vive una situaci\u00f3n de estabilidad y la gente est\u00e1 contenta con el cambio que se dio el 1 de julio de 2018, algo que \u00e9l puede constatar durante sus giras de trabajo por todo el pa\u00eds. \u201cNo hay ning\u00fan asomo de inestabilidad pol\u00edtica, la oposici\u00f3n [&hellip;]<\/p>\n","protected":false},"author":1,"featured_media":9053,"comment_status":"open","ping_status":"open","sticky":true,"template":"","format":"standard","meta":{"footnotes":""},"categories":[10],"tags":[],"_links":{"self":[{"href":"https:\/\/diariodigitalmx.com\/index.php\/wp-json\/wp\/v2\/posts\/9051"}],"collection":[{"href":"https:\/\/diariodigitalmx.com\/index.php\/wp-json\/wp\/v2\/posts"}],"about":[{"href":"https:\/\/diariodigitalmx.com\/index.php\/wp-json\/wp\/v2\/types\/post"}],"author":[{"embeddable":true,"href":"https:\/\/diariodigitalmx.com\/index.php\/wp-json\/wp\/v2\/users\/1"}],"replies":[{"embeddable":true,"href":"https:\/\/diariodigitalmx.com\/index.php\/wp-json\/wp\/v2\/comments?post=9051"}],"version-history":[{"count":1,"href":"https:\/\/diariodigitalmx.com\/index.php\/wp-json\/wp\/v2\/posts\/9051\/revisions"}],"predecessor-version":[{"id":9052,"href":"https:\/\/diariodigitalmx.com\/index.php\/wp-json\/wp\/v2\/posts\/9051\/revisions\/9052"}],"wp:featuredmedia":[{"embeddable":true,"href":"https:\/\/diariodigitalmx.com\/index.php\/wp-json\/wp\/v2\/media\/9053"}],"wp:attachment":[{"href":"https:\/\/diariodigitalmx.com\/index.php\/wp-json\/wp\/v2\/media?parent=9051"}],"wp:term":[{"taxonomy":"category","embeddable":true,"href":"https:\/\/diariodigitalmx.com\/index.php\/wp-json\/wp\/v2\/categories?post=9051"},{"taxonomy":"post_tag","embeddable":true,"href":"https:\/\/diariodigitalmx.com\/index.php\/wp-json\/wp\/v2\/tags?post=9051"}],"curies":[{"name":"wp","href":"https:\/\/api.w.org\/{rel}","templated":true}]}}