{"id":9057,"date":"2019-07-30T16:32:50","date_gmt":"2019-07-30T21:32:50","guid":{"rendered":"http:\/\/diariodigitalmx.com\/?p=9057"},"modified":"2019-07-30T16:33:06","modified_gmt":"2019-07-30T21:33:06","slug":"habra-una-segunda-revision-del-plan-para-centroamerica","status":"publish","type":"post","link":"https:\/\/diariodigitalmx.com\/index.php\/2019\/07\/30\/habra-una-segunda-revision-del-plan-para-centroamerica\/","title":{"rendered":"Habr\u00e1 una segunda revisi\u00f3n del Plan para Centroam\u00e9rica"},"content":{"rendered":"\n<p>En septiembre pr\u00f3ximo se llevar\u00e1 a cabo una segunda revisi\u00f3n del Plan de Desarrollo para Centroam\u00e9rica, que busca reducir la migraci\u00f3n de indocumentados hacia Estados Unidos, anunci\u00f3 hoy el presidente Andr\u00e9s Manuel L\u00f3pez Obrador.<\/p>\n\n\n\n<p>El plan es para &#8220;enfrentar el fen\u00f3meno migratorio con actividades productivas, empleo para que la gente tenga oportunidad\u201d y se quede en su lugar de origen, &#8220;hemos avanzado y se va informar al pueblo de M\u00e9xico sobre c\u00f3mo vamos\u201d, explic\u00f3 el mandatario en su conferencia de prensa matutina.<\/p>\n\n\n\n<p>L\u00f3pez Obrador agreg\u00f3 que, para ello, el gobierno federal destinar\u00e1 90 millones de d\u00f3lares anuales para impulsar el plan de desarrollo integral para Guatemala, Honduras y El Salvador, con la finalidad de generar empleo en la regi\u00f3n y reducir el flujo migratorio.<\/p>\n\n\n\n<p>A la fecha, el jefe del Ejecutivo se ha reunido con sus hom\u00f3logos de Honduras y El Salvador para replicar los programas Sembrando Vida y J\u00f3venes Construyendo el Futuro, en aras de generar empleo y reducir la migraci\u00f3n. Se entregar\u00e1n 30 millones a cada naci\u00f3n y solo falta Guatemala.<\/p>\n","protected":false},"excerpt":{"rendered":"<p>En septiembre pr\u00f3ximo se llevar\u00e1 a cabo una segunda revisi\u00f3n del Plan de Desarrollo para Centroam\u00e9rica, que busca reducir la migraci\u00f3n de indocumentados hacia Estados Unidos, anunci\u00f3 hoy el presidente Andr\u00e9s Manuel L\u00f3pez Obrador. El plan es para &#8220;enfrentar el fen\u00f3meno migratorio con actividades productivas, empleo para que la gente tenga oportunidad\u201d y se quede [&hellip;]<\/p>\n","protected":false},"author":1,"featured_media":9059,"comment_status":"open","ping_status":"open","sticky":true,"template":"","format":"standard","meta":{"footnotes":""},"categories":[2],"tags":[],"_links":{"self":[{"href":"https:\/\/diariodigitalmx.com\/index.php\/wp-json\/wp\/v2\/posts\/9057"}],"collection":[{"href":"https:\/\/diariodigitalmx.com\/index.php\/wp-json\/wp\/v2\/posts"}],"about":[{"href":"https:\/\/diariodigitalmx.com\/index.php\/wp-json\/wp\/v2\/types\/post"}],"author":[{"embeddable":true,"href":"https:\/\/diariodigitalmx.com\/index.php\/wp-json\/wp\/v2\/users\/1"}],"replies":[{"embeddable":true,"href":"https:\/\/diariodigitalmx.com\/index.php\/wp-json\/wp\/v2\/comments?post=9057"}],"version-history":[{"count":2,"href":"https:\/\/diariodigitalmx.com\/index.php\/wp-json\/wp\/v2\/posts\/9057\/revisions"}],"predecessor-version":[{"id":9060,"href":"https:\/\/diariodigitalmx.com\/index.php\/wp-json\/wp\/v2\/posts\/9057\/revisions\/9060"}],"wp:featuredmedia":[{"embeddable":true,"href":"https:\/\/diariodigitalmx.com\/index.php\/wp-json\/wp\/v2\/media\/9059"}],"wp:attachment":[{"href":"https:\/\/diariodigitalmx.com\/index.php\/wp-json\/wp\/v2\/media?parent=9057"}],"wp:term":[{"taxonomy":"category","embeddable":true,"href":"https:\/\/diariodigitalmx.com\/index.php\/wp-json\/wp\/v2\/categories?post=9057"},{"taxonomy":"post_tag","embeddable":true,"href":"https:\/\/diariodigitalmx.com\/index.php\/wp-json\/wp\/v2\/tags?post=9057"}],"curies":[{"name":"wp","href":"https:\/\/api.w.org\/{rel}","templated":true}]}}