{"id":9061,"date":"2019-07-30T16:44:57","date_gmt":"2019-07-30T21:44:57","guid":{"rendered":"http:\/\/diariodigitalmx.com\/?p=9061"},"modified":"2019-07-30T16:44:58","modified_gmt":"2019-07-30T21:44:58","slug":"el-departamento-en-que-vivira-el-presidente-de-mexico","status":"publish","type":"post","link":"https:\/\/diariodigitalmx.com\/index.php\/2019\/07\/30\/el-departamento-en-que-vivira-el-presidente-de-mexico\/","title":{"rendered":"El departamento en que vivir\u00e1 el presidente de M\u00e9xico"},"content":{"rendered":"\n<p>El presidente Andr\u00e9s Manuel L\u00f3pez Obrador dio a conocer hoy los planos del departamento de 300 metros cuadrados al que se mud\u00f3 en Palacio Nacional, sin embargo se reserv\u00f3 la ubicaci\u00f3n del mismo.<\/p>\n\n\n\n<p>En su conferencia de prensa matutina, mostr\u00f3 en la pantalla los planos y dijo que el departamento cuenta con dos habitaciones, un estudio y sala, cocina y comedor.<\/p>\n\n\n\n<p>\u201cLo rojo son dos habitaciones y un estudio; lo que est\u00e1 en azul, es cocina, sala-comedor. La ubicaci\u00f3n esa s\u00ed, se las encarg\u00f3 a ustedes que son mirones profesionales\u201d, declar\u00f3.<\/p>\n\n\n\n<p>L\u00f3pez Obrador expuso que el quedarse a dormir en ese lugar le ahorra cerca de dos horas diarias y aclar\u00f3 que el departamento \u201cno tiene nada que ver con la parte hist\u00f3rica. Este sitio ya estaba ocupado como una construcci\u00f3n moderna, dentro de Palacio&#8221; Nacional\u201d.<\/p>\n\n\n\n<p>Reiter\u00f3 que no se ubica cerca de los salones principales y que los sitios hist\u00f3ricos, adem\u00e1s de que se conservar\u00e1n, no ser\u00e1n utilizados en horas de trabajo.<\/p>\n\n\n\n<p>Para ello, se utilizar\u00e1 la zona que se moderniz\u00f3 y que era ocupada por el otrora Estado Mayor Presidencial. \u201cAh\u00ed vamos a atender en lo que era la oficina del Estado Mayor para no utilizar el comedor principal\u201d de este lugar.<\/p>\n\n\n\n<p>A\u00f1adi\u00f3 que ese sito se utilizar\u00e1 solo para ceremonias de trascendencia cultural, diplom\u00e1tica o de otra \u00edndole. Adem\u00e1s, se cuidar\u00e1 el piso de los salones y \u00e1reas hist\u00f3ricas con alfombras angostas, para que pueda ser admirado por los asistentes.<\/p>\n","protected":false},"excerpt":{"rendered":"<p>El presidente Andr\u00e9s Manuel L\u00f3pez Obrador dio a conocer hoy los planos del departamento de 300 metros cuadrados al que se mud\u00f3 en Palacio Nacional, sin embargo se reserv\u00f3 la ubicaci\u00f3n del mismo. En su conferencia de prensa matutina, mostr\u00f3 en la pantalla los planos y dijo que el departamento cuenta con dos habitaciones, un [&hellip;]<\/p>\n","protected":false},"author":1,"featured_media":9063,"comment_status":"open","ping_status":"open","sticky":true,"template":"","format":"standard","meta":{"footnotes":""},"categories":[2,1],"tags":[],"_links":{"self":[{"href":"https:\/\/diariodigitalmx.com\/index.php\/wp-json\/wp\/v2\/posts\/9061"}],"collection":[{"href":"https:\/\/diariodigitalmx.com\/index.php\/wp-json\/wp\/v2\/posts"}],"about":[{"href":"https:\/\/diariodigitalmx.com\/index.php\/wp-json\/wp\/v2\/types\/post"}],"author":[{"embeddable":true,"href":"https:\/\/diariodigitalmx.com\/index.php\/wp-json\/wp\/v2\/users\/1"}],"replies":[{"embeddable":true,"href":"https:\/\/diariodigitalmx.com\/index.php\/wp-json\/wp\/v2\/comments?post=9061"}],"version-history":[{"count":1,"href":"https:\/\/diariodigitalmx.com\/index.php\/wp-json\/wp\/v2\/posts\/9061\/revisions"}],"predecessor-version":[{"id":9062,"href":"https:\/\/diariodigitalmx.com\/index.php\/wp-json\/wp\/v2\/posts\/9061\/revisions\/9062"}],"wp:featuredmedia":[{"embeddable":true,"href":"https:\/\/diariodigitalmx.com\/index.php\/wp-json\/wp\/v2\/media\/9063"}],"wp:attachment":[{"href":"https:\/\/diariodigitalmx.com\/index.php\/wp-json\/wp\/v2\/media?parent=9061"}],"wp:term":[{"taxonomy":"category","embeddable":true,"href":"https:\/\/diariodigitalmx.com\/index.php\/wp-json\/wp\/v2\/categories?post=9061"},{"taxonomy":"post_tag","embeddable":true,"href":"https:\/\/diariodigitalmx.com\/index.php\/wp-json\/wp\/v2\/tags?post=9061"}],"curies":[{"name":"wp","href":"https:\/\/api.w.org\/{rel}","templated":true}]}}