{"id":91638,"date":"2023-01-24T23:26:22","date_gmt":"2023-01-25T05:26:22","guid":{"rendered":"http:\/\/diariodigitalmx.com\/?p=91638"},"modified":"2023-01-24T23:26:52","modified_gmt":"2023-01-25T05:26:52","slug":"retira-trump-demanda-contra-fiscal-de-ny","status":"publish","type":"post","link":"https:\/\/diariodigitalmx.com\/index.php\/2023\/01\/24\/retira-trump-demanda-contra-fiscal-de-ny\/","title":{"rendered":"Retira Trump demanda contra Fiscal de NY"},"content":{"rendered":"\n<p><br>Por Rogelio Romero<br>Washington.- Por segunda ocasi\u00f3n en cinco d\u00edas el ex presidente Donald Trump retir\u00f3 de las Cortes, una demanda que hab\u00eda interpuesto contra la Fiscal de Justicia de NY Letitia James.<br>En mayo del 2022 Trump hab\u00eda entablado una demanda de apelaci\u00f3n, debido a que un juez federal en NY hab\u00eda desestimado los alegatos de Trump contra James, quien lo investigaba a \u00e9l y su compa\u00f1\u00eda por presunto fraude fiscal.<br>De acuerdo a la abogada del ex mandatario de nombre, Alina Habba, la demanda de apelaci\u00f3n fue retirada por lo que llam\u00f3 \u201crazones estrat\u00e9gicas\u201d.<br>Trump ya hab\u00eda retirado otra demanda interpuesta en la Florida, y donde la justicia neoyorkina lo se\u00f1alaba a el y a sus tres hijos de ser parte de un caso por evasi\u00f3n fiscal, a trav\u00e9s de la organizaci\u00f3n que dirige el ex presidente, la Organizaci\u00f3n Trump supuestamente defraud\u00f3 alrededor de 250 millones de d\u00f3lares al fisco neoyorkino.<br>Cuando la abogada Habba se refiere a que la segunda demanda fue retirada por razones estrat\u00e9gicas, fue debido a que en otro caso, el juez federal en Florida, Donald M. Middlebrooks, orden\u00f3 a Habba y Trump pagar casi un mill\u00f3n de d\u00f3lares a la ex primera dama Hillary Clinton, esto por haber entablado una demanda fr\u00edvola contra ella y otras personas.<br>El juez Middlebrooks se\u00f1al\u00f3 en ese caso que Trump era \u201cuna mente maestra del abuso estrat\u00e9gico en lo referente a procesos judiciales\u201d.<br>Su se\u00f1or\u00eda ya hab\u00eda se\u00f1alado que Trump hab\u00eda incurrido en una serie de demandas fr\u00edvolas, esto en en Cortes estadounidenses.<\/p>\n","protected":false},"excerpt":{"rendered":"<p>Por Rogelio RomeroWashington.- Por segunda ocasi\u00f3n en cinco d\u00edas el ex presidente Donald Trump retir\u00f3 de las Cortes, una demanda que hab\u00eda interpuesto contra la Fiscal de Justicia de NY Letitia James.En mayo del 2022 Trump hab\u00eda entablado una demanda de apelaci\u00f3n, debido a que un juez federal en NY hab\u00eda desestimado los alegatos de [&hellip;]<\/p>\n","protected":false},"author":1,"featured_media":91640,"comment_status":"open","ping_status":"open","sticky":true,"template":"","format":"standard","meta":{"footnotes":""},"categories":[14,4],"tags":[],"_links":{"self":[{"href":"https:\/\/diariodigitalmx.com\/index.php\/wp-json\/wp\/v2\/posts\/91638"}],"collection":[{"href":"https:\/\/diariodigitalmx.com\/index.php\/wp-json\/wp\/v2\/posts"}],"about":[{"href":"https:\/\/diariodigitalmx.com\/index.php\/wp-json\/wp\/v2\/types\/post"}],"author":[{"embeddable":true,"href":"https:\/\/diariodigitalmx.com\/index.php\/wp-json\/wp\/v2\/users\/1"}],"replies":[{"embeddable":true,"href":"https:\/\/diariodigitalmx.com\/index.php\/wp-json\/wp\/v2\/comments?post=91638"}],"version-history":[{"count":1,"href":"https:\/\/diariodigitalmx.com\/index.php\/wp-json\/wp\/v2\/posts\/91638\/revisions"}],"predecessor-version":[{"id":91639,"href":"https:\/\/diariodigitalmx.com\/index.php\/wp-json\/wp\/v2\/posts\/91638\/revisions\/91639"}],"wp:featuredmedia":[{"embeddable":true,"href":"https:\/\/diariodigitalmx.com\/index.php\/wp-json\/wp\/v2\/media\/91640"}],"wp:attachment":[{"href":"https:\/\/diariodigitalmx.com\/index.php\/wp-json\/wp\/v2\/media?parent=91638"}],"wp:term":[{"taxonomy":"category","embeddable":true,"href":"https:\/\/diariodigitalmx.com\/index.php\/wp-json\/wp\/v2\/categories?post=91638"},{"taxonomy":"post_tag","embeddable":true,"href":"https:\/\/diariodigitalmx.com\/index.php\/wp-json\/wp\/v2\/tags?post=91638"}],"curies":[{"name":"wp","href":"https:\/\/api.w.org\/{rel}","templated":true}]}}