{"id":9167,"date":"2019-08-01T05:36:38","date_gmt":"2019-08-01T10:36:38","guid":{"rendered":"http:\/\/diariodigitalmx.com\/?p=9167"},"modified":"2019-08-01T05:36:40","modified_gmt":"2019-08-01T10:36:40","slug":"por-cierto-92","status":"publish","type":"post","link":"https:\/\/diariodigitalmx.com\/index.php\/2019\/08\/01\/por-cierto-92\/","title":{"rendered":"Por cierto&#8230;"},"content":{"rendered":"\n<p>\u00d3scar Tamez Rodr\u00edguez<\/p>\n\n\n\n<p>Lorena Pi\u00f1\u00f3n, la desconocida candidata a la dirigencia del CEN del PRI acusa a Ivonne Ortega de actos anticipados de campa\u00f1a. Vaya, la candidata busca descarrilar a la \u00fanica contendiente que puede hacer sombra al candidato puntero o, alguien le pidi\u00f3 hacer el trabajo sucio de otros&#8230; Bueno, ante una ins\u00edpida y desangelada campa\u00f1a, este incidente se vuelve algo qu\u00e9 comentar&#8230; Ac\u00e1 en NL, el gobierno estatal cambia de estratega en comunicaci\u00f3n pol\u00edtica y contrata a quien manejara una campa\u00f1a en tiempos de Rodrigo Medina. \u00a1C\u00f3mo cambian los tiempos!&#8230; El gobierno federal aleja el fantasma de la recesi\u00f3n econ\u00f3mica. Si salva \u00e9sta con las modificaciones emprendidas desde hacienda, es probable que vuelva a subir el presi en los n\u00fameros de las encuestas.&nbsp;<\/p>\n\n\n\n<p>Oscar Tamez Rdz.&nbsp;<a href=\"http:\/\/www.estudiospoliticos.mx\/\" target=\"_blank\" rel=\"noreferrer noopener\">www.estudiospoliticos.mx<\/a><a href=\"http:\/\/facebook.com\/EstudiosPoliticos.mx\" target=\"_blank\" rel=\"noreferrer noopener\">Facebook.com\/EstudiosPoliticos.mx<\/a>@EstudiosMx<\/p>\n\n\n\n<p><\/p>\n","protected":false},"excerpt":{"rendered":"<p>\u00d3scar Tamez Rodr\u00edguez Lorena Pi\u00f1\u00f3n, la desconocida candidata a la dirigencia del CEN del PRI acusa a Ivonne Ortega de actos anticipados de campa\u00f1a. Vaya, la candidata busca descarrilar a la \u00fanica contendiente que puede hacer sombra al candidato puntero o, alguien le pidi\u00f3 hacer el trabajo sucio de otros&#8230; Bueno, ante una ins\u00edpida y [&hellip;]<\/p>\n","protected":false},"author":1,"featured_media":9169,"comment_status":"open","ping_status":"open","sticky":true,"template":"","format":"standard","meta":{"footnotes":""},"categories":[12],"tags":[],"_links":{"self":[{"href":"https:\/\/diariodigitalmx.com\/index.php\/wp-json\/wp\/v2\/posts\/9167"}],"collection":[{"href":"https:\/\/diariodigitalmx.com\/index.php\/wp-json\/wp\/v2\/posts"}],"about":[{"href":"https:\/\/diariodigitalmx.com\/index.php\/wp-json\/wp\/v2\/types\/post"}],"author":[{"embeddable":true,"href":"https:\/\/diariodigitalmx.com\/index.php\/wp-json\/wp\/v2\/users\/1"}],"replies":[{"embeddable":true,"href":"https:\/\/diariodigitalmx.com\/index.php\/wp-json\/wp\/v2\/comments?post=9167"}],"version-history":[{"count":2,"href":"https:\/\/diariodigitalmx.com\/index.php\/wp-json\/wp\/v2\/posts\/9167\/revisions"}],"predecessor-version":[{"id":9170,"href":"https:\/\/diariodigitalmx.com\/index.php\/wp-json\/wp\/v2\/posts\/9167\/revisions\/9170"}],"wp:featuredmedia":[{"embeddable":true,"href":"https:\/\/diariodigitalmx.com\/index.php\/wp-json\/wp\/v2\/media\/9169"}],"wp:attachment":[{"href":"https:\/\/diariodigitalmx.com\/index.php\/wp-json\/wp\/v2\/media?parent=9167"}],"wp:term":[{"taxonomy":"category","embeddable":true,"href":"https:\/\/diariodigitalmx.com\/index.php\/wp-json\/wp\/v2\/categories?post=9167"},{"taxonomy":"post_tag","embeddable":true,"href":"https:\/\/diariodigitalmx.com\/index.php\/wp-json\/wp\/v2\/tags?post=9167"}],"curies":[{"name":"wp","href":"https:\/\/api.w.org\/{rel}","templated":true}]}}