{"id":9232,"date":"2019-08-02T19:18:39","date_gmt":"2019-08-03T00:18:39","guid":{"rendered":"http:\/\/diariodigitalmx.com\/?p=9232"},"modified":"2019-08-02T19:19:49","modified_gmt":"2019-08-03T00:19:49","slug":"impulsa-escobedo-mas-de-100-proyectos-para-chavos-en-incubadora","status":"publish","type":"post","link":"https:\/\/diariodigitalmx.com\/index.php\/2019\/08\/02\/impulsa-escobedo-mas-de-100-proyectos-para-chavos-en-incubadora\/","title":{"rendered":"Impulsa Escobedo m\u00e1s de 100 proyectos para Chavos en Incubadora"},"content":{"rendered":"\n<p>Saber administrar sus negocios, cumplir con sus obligaciones fiscales y ofrecer una mejor atenci\u00f3n al cliente, entre otras cosas, es con lo que el Municipio de Escobedo, a trav\u00e9s de su Incubadora para Chavos, ha ayudado a j\u00f3venes emprendedores a impulsar sus establecimientos. <\/p>\n\n\n\n<p>En su tercera generaci\u00f3n, la Incubadora graduar\u00e1 a cerca de 43 j\u00f3venes de entre 18 y 29 a\u00f1os de edad, para dar un total de 104 proyectos que la Administraci\u00f3n de la Alcaldesa Clara Luz Flores Carrales, ha apoyado por medio de la Secretar\u00eda de Desarrollo Econ\u00f3mico. <\/p>\n\n\n\n<figure class=\"wp-block-image\"><img loading=\"lazy\" decoding=\"async\" width=\"1024\" height=\"683\" src=\"http:\/\/diariodigitalmx.com\/wp-content\/uploads\/2019\/08\/IMG_0278-2-1024x683.jpg\" alt=\"\" class=\"wp-image-9237\" srcset=\"https:\/\/diariodigitalmx.com\/wp-content\/uploads\/2019\/08\/IMG_0278-2-1024x683.jpg 1024w, https:\/\/diariodigitalmx.com\/wp-content\/uploads\/2019\/08\/IMG_0278-2-300x200.jpg 300w, https:\/\/diariodigitalmx.com\/wp-content\/uploads\/2019\/08\/IMG_0278-2-768x512.jpg 768w\" sizes=\"(max-width: 1024px) 100vw, 1024px\" \/><\/figure>\n\n\n\n<p>La Edil exhort\u00f3 a los participantes a perder el miedo a emprender y los motiv\u00f3 a continuar generando ideas de negocio que fortalezcan la econom\u00eda del municipio.<\/p>\n\n\n\n<p>A lo largo de siete semanas, los emprendedores aprenden c\u00f3mo desarrollar su negocio o idea, dar identidad a su marca, finanzas, realizar ventas a trav\u00e9s de redes sociales y dar un trato de calidad a los clientes. <\/p>\n\n\n\n<p>En esta generaci\u00f3n destacaron los proyectos sobre l\u00ednea de ropa, reposter\u00eda, barber shop, cerveza artesanal y estudios de tatuaje y fotogr\u00e1ficos. <\/p>\n\n\n\n<figure class=\"wp-block-image\"><img loading=\"lazy\" decoding=\"async\" width=\"1024\" height=\"683\" src=\"http:\/\/diariodigitalmx.com\/wp-content\/uploads\/2019\/08\/IMG_0285-2-1024x683.jpg\" alt=\"\" class=\"wp-image-9240\" srcset=\"https:\/\/diariodigitalmx.com\/wp-content\/uploads\/2019\/08\/IMG_0285-2-1024x683.jpg 1024w, https:\/\/diariodigitalmx.com\/wp-content\/uploads\/2019\/08\/IMG_0285-2-300x200.jpg 300w, https:\/\/diariodigitalmx.com\/wp-content\/uploads\/2019\/08\/IMG_0285-2-768x512.jpg 768w\" sizes=\"(max-width: 1024px) 100vw, 1024px\" \/><\/figure>\n\n\n\n<p>El pr\u00f3ximo viernes 16 de agosto, los graduandos llevar\u00e1n sus propuestas al Parque Lineal Las Torres para que la comunidad conozca sus servicios.<\/p>\n\n\n\n<p>Los interesados en ingresar a la cuarta generaci\u00f3n, que iniciar\u00e1 el 5 de septiembre, podr\u00e1n comunicarse al tel\u00e9fono 8220-6100 extensi\u00f3n 1400 para mayores informes. <\/p>\n","protected":false},"excerpt":{"rendered":"<p>Saber administrar sus negocios, cumplir con sus obligaciones fiscales y ofrecer una mejor atenci\u00f3n al cliente, entre otras cosas, es con lo que el Municipio de Escobedo, a trav\u00e9s de su Incubadora para Chavos, ha ayudado a j\u00f3venes emprendedores a impulsar sus establecimientos. En su tercera generaci\u00f3n, la Incubadora graduar\u00e1 a cerca de 43 j\u00f3venes [&hellip;]<\/p>\n","protected":false},"author":1,"featured_media":9236,"comment_status":"open","ping_status":"open","sticky":true,"template":"","format":"standard","meta":{"footnotes":""},"categories":[6],"tags":[],"_links":{"self":[{"href":"https:\/\/diariodigitalmx.com\/index.php\/wp-json\/wp\/v2\/posts\/9232"}],"collection":[{"href":"https:\/\/diariodigitalmx.com\/index.php\/wp-json\/wp\/v2\/posts"}],"about":[{"href":"https:\/\/diariodigitalmx.com\/index.php\/wp-json\/wp\/v2\/types\/post"}],"author":[{"embeddable":true,"href":"https:\/\/diariodigitalmx.com\/index.php\/wp-json\/wp\/v2\/users\/1"}],"replies":[{"embeddable":true,"href":"https:\/\/diariodigitalmx.com\/index.php\/wp-json\/wp\/v2\/comments?post=9232"}],"version-history":[{"count":5,"href":"https:\/\/diariodigitalmx.com\/index.php\/wp-json\/wp\/v2\/posts\/9232\/revisions"}],"predecessor-version":[{"id":9241,"href":"https:\/\/diariodigitalmx.com\/index.php\/wp-json\/wp\/v2\/posts\/9232\/revisions\/9241"}],"wp:featuredmedia":[{"embeddable":true,"href":"https:\/\/diariodigitalmx.com\/index.php\/wp-json\/wp\/v2\/media\/9236"}],"wp:attachment":[{"href":"https:\/\/diariodigitalmx.com\/index.php\/wp-json\/wp\/v2\/media?parent=9232"}],"wp:term":[{"taxonomy":"category","embeddable":true,"href":"https:\/\/diariodigitalmx.com\/index.php\/wp-json\/wp\/v2\/categories?post=9232"},{"taxonomy":"post_tag","embeddable":true,"href":"https:\/\/diariodigitalmx.com\/index.php\/wp-json\/wp\/v2\/tags?post=9232"}],"curies":[{"name":"wp","href":"https:\/\/api.w.org\/{rel}","templated":true}]}}