{"id":9294,"date":"2019-08-04T10:56:00","date_gmt":"2019-08-04T15:56:00","guid":{"rendered":"http:\/\/diariodigitalmx.com\/?p=9294"},"modified":"2019-08-04T14:28:25","modified_gmt":"2019-08-04T19:28:25","slug":"las-asociaciones-vecinales-ahora-en-juarez-n-l-responsabilidad-social-de-la-croc","status":"publish","type":"post","link":"https:\/\/diariodigitalmx.com\/index.php\/2019\/08\/04\/las-asociaciones-vecinales-ahora-en-juarez-n-l-responsabilidad-social-de-la-croc\/","title":{"rendered":"Las Asociaciones Vecinales ahora en Ju\u00e1rez, N. L; responsabilidad social de la CROC"},"content":{"rendered":"\n<p>*&#8221;No respondemos a grupo pol\u00edtico o partido alguno&#8221;, Osvaldo Serna<\/p>\n\n\n\n<p>&#8220;Por encima de colores e ideolog\u00edas, atendemos a todos; organizados con los vecinos  llenamos el vac\u00edo que olvidaron los partidos, todos&#8221;, explica<\/p>\n\n\n\n<figure class=\"wp-block-image\"><img loading=\"lazy\" decoding=\"async\" width=\"960\" height=\"718\" src=\"http:\/\/diariodigitalmx.com\/wp-content\/uploads\/2019\/08\/FB_IMG_1564855649091.jpg\" alt=\"\" class=\"wp-image-9298\" srcset=\"https:\/\/diariodigitalmx.com\/wp-content\/uploads\/2019\/08\/FB_IMG_1564855649091.jpg 960w, https:\/\/diariodigitalmx.com\/wp-content\/uploads\/2019\/08\/FB_IMG_1564855649091-300x224.jpg 300w, https:\/\/diariodigitalmx.com\/wp-content\/uploads\/2019\/08\/FB_IMG_1564855649091-768x574.jpg 768w\" sizes=\"(max-width: 960px) 100vw, 960px\" \/><\/figure>\n\n\n\n<p><\/p>\n\n\n\n<p>Bajo el slogan de &#8220;Cada d\u00eda somos m\u00e1s&#8221;, las brigadas de las Asociaciones Vecinales de la Federaci\u00f3n Revolucionaria de Obreros y Campesinos, estuvieron ahora en el municipio de Ju\u00e1rez.<br><\/p>\n\n\n\n<p>En el tercer sector de la colonia Cometas se nombr\u00f3 como coordinadora vecinal a la se\u00f1ora Margarita Maldonado, quien ser\u00e1 el enlace con la organizaci\u00f3n central que preside Osvaldo Serna Serv\u00edn como secretario general de Asociaciones Vecinales de Nuevo Le\u00f3n.<\/p>\n\n\n\n<p><br><\/p>\n\n\n\n<figure class=\"wp-block-image\"><img loading=\"lazy\" decoding=\"async\" width=\"960\" height=\"718\" src=\"http:\/\/diariodigitalmx.com\/wp-content\/uploads\/2019\/08\/FB_IMG_1564855654671.jpg\" alt=\"\" class=\"wp-image-9301\" srcset=\"https:\/\/diariodigitalmx.com\/wp-content\/uploads\/2019\/08\/FB_IMG_1564855654671.jpg 960w, https:\/\/diariodigitalmx.com\/wp-content\/uploads\/2019\/08\/FB_IMG_1564855654671-300x224.jpg 300w, https:\/\/diariodigitalmx.com\/wp-content\/uploads\/2019\/08\/FB_IMG_1564855654671-768x574.jpg 768w\" sizes=\"(max-width: 960px) 100vw, 960px\" \/><\/figure>\n\n\n\n<p>Ramiro Vargas Lugo, secretario de Conflictos de la CROC estatal que dirige Alberto Serna de Le\u00f3n asisti\u00f3 como representante a este evento que se ha constituido como un referente en el trabajo social de la central obrera nacida en 1952.<br><\/p>\n\n\n\n<p>Cientos de vecinos vivieron momentos extraordinarios de esparcimiento con la tradicional loter\u00eda mexicana y sus respectivos premios, mientras los peque\u00f1os disfrutaron de los juegos inflables.<\/p>\n\n\n\n<p><br><\/p>\n\n\n\n<ul class=\"wp-block-gallery columns-1 is-cropped wp-block-gallery-1 is-layout-flex wp-block-gallery-is-layout-flex\"><li class=\"blocks-gallery-item\"><figure><img loading=\"lazy\" decoding=\"async\" width=\"960\" height=\"718\" src=\"http:\/\/diariodigitalmx.com\/wp-content\/uploads\/2019\/08\/FB_IMG_1564855696050.jpg\" alt=\"\" data-id=\"9304\" data-link=\"http:\/\/diariodigitalmx.com\/index.php\/2019\/08\/04\/las-asociaciones-vecinales-ahora-en-juarez-n-l-responsabilidad-social-de-la-croc\/fb_img_1564855696050\/\" class=\"wp-image-9304\" srcset=\"https:\/\/diariodigitalmx.com\/wp-content\/uploads\/2019\/08\/FB_IMG_1564855696050.jpg 960w, https:\/\/diariodigitalmx.com\/wp-content\/uploads\/2019\/08\/FB_IMG_1564855696050-300x224.jpg 300w, https:\/\/diariodigitalmx.com\/wp-content\/uploads\/2019\/08\/FB_IMG_1564855696050-768x574.jpg 768w\" sizes=\"(max-width: 960px) 100vw, 960px\" \/><\/figure><\/li><\/ul>\n\n\n\n<p>Las asesor\u00edas legales de Infonavit, Imss, divorcios y otros problemas que enfrentan son bien aceptadas y se le da seguimiento.<br><\/p>\n\n\n\n<p>El licenciado Guillermo Garc\u00eda es tambi\u00e9n factor importante en las brigadas conformadas por especialistas y expertos en los asuntos que plantean los vecinos.<br><\/p>\n\n\n\n<p>No faltaron tampoco en las brigadas &nbsp;los m\u00e9dicos, odont\u00f3logos, pod\u00f3logos y estilistas que prestaron un servicio social de nivel a las familias.<\/p>\n\n\n\n<p><br><\/p>\n\n\n\n<ul class=\"wp-block-gallery columns-1 is-cropped wp-block-gallery-2 is-layout-flex wp-block-gallery-is-layout-flex\"><li class=\"blocks-gallery-item\"><figure><img loading=\"lazy\" decoding=\"async\" width=\"960\" height=\"718\" src=\"http:\/\/diariodigitalmx.com\/wp-content\/uploads\/2019\/08\/FB_IMG_1564855727672.jpg\" alt=\"\" data-id=\"9307\" data-link=\"http:\/\/diariodigitalmx.com\/index.php\/2019\/08\/04\/las-asociaciones-vecinales-ahora-en-juarez-n-l-responsabilidad-social-de-la-croc\/fb_img_1564855727672\/\" class=\"wp-image-9307\" srcset=\"https:\/\/diariodigitalmx.com\/wp-content\/uploads\/2019\/08\/FB_IMG_1564855727672.jpg 960w, https:\/\/diariodigitalmx.com\/wp-content\/uploads\/2019\/08\/FB_IMG_1564855727672-300x224.jpg 300w, https:\/\/diariodigitalmx.com\/wp-content\/uploads\/2019\/08\/FB_IMG_1564855727672-768x574.jpg 768w\" sizes=\"(max-width: 960px) 100vw, 960px\" \/><\/figure><\/li><\/ul>\n\n\n\n<p>M\u00f3nica Serna, secretar\u00eda de Acci\u00f3n Femenil del comit\u00e9 estatal de la CROC, &nbsp;encabeza la organizaci\u00f3n y la log\u00edstica de los eventos que han resultado un \u00e9xito y que llegaron para quedarse en definitiva.<br><\/p>\n\n\n\n<p>&#8220;Con nuestras brigadas atendemos a toda la gente por encima de colores partidistas e ideolog\u00edas; aunque somos una organizaci\u00f3n obrera nuestra responsabilidad social es prioritaria y estamos cerca de la gente&#8221;, recuerda Osvaldo Serna.<\/p>\n\n\n\n<p><br><\/p>\n\n\n\n<figure class=\"wp-block-image\"><img loading=\"lazy\" decoding=\"async\" width=\"960\" height=\"718\" src=\"http:\/\/diariodigitalmx.com\/wp-content\/uploads\/2019\/08\/FB_IMG_1564855705021.jpg\" alt=\"\" class=\"wp-image-9310\" srcset=\"https:\/\/diariodigitalmx.com\/wp-content\/uploads\/2019\/08\/FB_IMG_1564855705021.jpg 960w, https:\/\/diariodigitalmx.com\/wp-content\/uploads\/2019\/08\/FB_IMG_1564855705021-300x224.jpg 300w, https:\/\/diariodigitalmx.com\/wp-content\/uploads\/2019\/08\/FB_IMG_1564855705021-768x574.jpg 768w\" sizes=\"(max-width: 960px) 100vw, 960px\" \/><\/figure>\n\n\n\n<p>Para Serna Serv\u00edn, tambi\u00e9n secretario general de la Federaci\u00f3n Estatal de Sindicatos de Trabajadores del Autotransporte (FESTA), la labor de las Asociaciones Vecinales no responden a partido pol\u00edtico alguno, pues acepta que esos entes pol\u00edticos han fallado, todos, a la gente y la sociedad civil como estas brigadas se organizan para atender las necesidades sociales. <\/p>\n\n\n\n<p><\/p>\n\n\n\n<p><\/p>\n\n\n\n<ul class=\"wp-block-gallery columns-1 is-cropped wp-block-gallery-3 is-layout-flex wp-block-gallery-is-layout-flex\"><li class=\"blocks-gallery-item\"><figure><img loading=\"lazy\" decoding=\"async\" width=\"960\" height=\"718\" src=\"http:\/\/diariodigitalmx.com\/wp-content\/uploads\/2019\/08\/FB_IMG_1564855717751.jpg\" alt=\"\" data-id=\"9313\" data-link=\"http:\/\/diariodigitalmx.com\/index.php\/2019\/08\/04\/las-asociaciones-vecinales-ahora-en-juarez-n-l-responsabilidad-social-de-la-croc\/fb_img_1564855717751\/\" class=\"wp-image-9313\" srcset=\"https:\/\/diariodigitalmx.com\/wp-content\/uploads\/2019\/08\/FB_IMG_1564855717751.jpg 960w, https:\/\/diariodigitalmx.com\/wp-content\/uploads\/2019\/08\/FB_IMG_1564855717751-300x224.jpg 300w, https:\/\/diariodigitalmx.com\/wp-content\/uploads\/2019\/08\/FB_IMG_1564855717751-768x574.jpg 768w\" sizes=\"(max-width: 960px) 100vw, 960px\" \/><\/figure><\/li><\/ul>\n\n\n\n<ul class=\"wp-block-gallery columns-1 is-cropped wp-block-gallery-4 is-layout-flex wp-block-gallery-is-layout-flex\"><li class=\"blocks-gallery-item\"><figure><img loading=\"lazy\" decoding=\"async\" width=\"960\" height=\"718\" src=\"http:\/\/diariodigitalmx.com\/wp-content\/uploads\/2019\/08\/FB_IMG_1564855734363.jpg\" alt=\"\" data-id=\"9316\" data-link=\"http:\/\/diariodigitalmx.com\/index.php\/2019\/08\/04\/las-asociaciones-vecinales-ahora-en-juarez-n-l-responsabilidad-social-de-la-croc\/fb_img_1564855734363\/\" class=\"wp-image-9316\" srcset=\"https:\/\/diariodigitalmx.com\/wp-content\/uploads\/2019\/08\/FB_IMG_1564855734363.jpg 960w, https:\/\/diariodigitalmx.com\/wp-content\/uploads\/2019\/08\/FB_IMG_1564855734363-300x224.jpg 300w, https:\/\/diariodigitalmx.com\/wp-content\/uploads\/2019\/08\/FB_IMG_1564855734363-768x574.jpg 768w\" sizes=\"(max-width: 960px) 100vw, 960px\" \/><\/figure><\/li><\/ul>\n\n\n\n<figure class=\"wp-block-image\"><img loading=\"lazy\" decoding=\"async\" width=\"960\" height=\"718\" src=\"http:\/\/diariodigitalmx.com\/wp-content\/uploads\/2019\/08\/FB_IMG_1564855667785.jpg\" alt=\"\" class=\"wp-image-9319\" srcset=\"https:\/\/diariodigitalmx.com\/wp-content\/uploads\/2019\/08\/FB_IMG_1564855667785.jpg 960w, https:\/\/diariodigitalmx.com\/wp-content\/uploads\/2019\/08\/FB_IMG_1564855667785-300x224.jpg 300w, https:\/\/diariodigitalmx.com\/wp-content\/uploads\/2019\/08\/FB_IMG_1564855667785-768x574.jpg 768w\" sizes=\"(max-width: 960px) 100vw, 960px\" \/><\/figure>\n\n\n\n<figure class=\"wp-block-image\"><img loading=\"lazy\" decoding=\"async\" width=\"960\" height=\"718\" src=\"http:\/\/diariodigitalmx.com\/wp-content\/uploads\/2019\/08\/FB_IMG_1564855737848.jpg\" alt=\"\" class=\"wp-image-9322\" srcset=\"https:\/\/diariodigitalmx.com\/wp-content\/uploads\/2019\/08\/FB_IMG_1564855737848.jpg 960w, https:\/\/diariodigitalmx.com\/wp-content\/uploads\/2019\/08\/FB_IMG_1564855737848-300x224.jpg 300w, https:\/\/diariodigitalmx.com\/wp-content\/uploads\/2019\/08\/FB_IMG_1564855737848-768x574.jpg 768w\" sizes=\"(max-width: 960px) 100vw, 960px\" \/><\/figure>\n\n\n\n<ul class=\"wp-block-gallery columns-1 is-cropped wp-block-gallery-5 is-layout-flex wp-block-gallery-is-layout-flex\"><li class=\"blocks-gallery-item\"><figure><img loading=\"lazy\" decoding=\"async\" width=\"960\" height=\"718\" src=\"http:\/\/diariodigitalmx.com\/wp-content\/uploads\/2019\/08\/FB_IMG_1564855664270.jpg\" alt=\"\" data-id=\"9326\" data-link=\"http:\/\/diariodigitalmx.com\/index.php\/2019\/08\/04\/las-asociaciones-vecinales-ahora-en-juarez-n-l-responsabilidad-social-de-la-croc\/fb_img_1564855664270\/\" class=\"wp-image-9326\" srcset=\"https:\/\/diariodigitalmx.com\/wp-content\/uploads\/2019\/08\/FB_IMG_1564855664270.jpg 960w, https:\/\/diariodigitalmx.com\/wp-content\/uploads\/2019\/08\/FB_IMG_1564855664270-300x224.jpg 300w, https:\/\/diariodigitalmx.com\/wp-content\/uploads\/2019\/08\/FB_IMG_1564855664270-768x574.jpg 768w\" sizes=\"(max-width: 960px) 100vw, 960px\" \/><\/figure><\/li><\/ul>\n\n\n\n<figure class=\"wp-block-image\"><img loading=\"lazy\" decoding=\"async\" width=\"960\" height=\"720\" src=\"http:\/\/diariodigitalmx.com\/wp-content\/uploads\/2019\/08\/FB_IMG_1564855748168.jpg\" alt=\"\" class=\"wp-image-9327\" srcset=\"https:\/\/diariodigitalmx.com\/wp-content\/uploads\/2019\/08\/FB_IMG_1564855748168.jpg 960w, https:\/\/diariodigitalmx.com\/wp-content\/uploads\/2019\/08\/FB_IMG_1564855748168-300x225.jpg 300w, https:\/\/diariodigitalmx.com\/wp-content\/uploads\/2019\/08\/FB_IMG_1564855748168-768x576.jpg 768w\" sizes=\"(max-width: 960px) 100vw, 960px\" \/><\/figure>\n\n\n\n<figure class=\"wp-block-image\"><img loading=\"lazy\" decoding=\"async\" width=\"960\" height=\"718\" src=\"http:\/\/diariodigitalmx.com\/wp-content\/uploads\/2019\/08\/FB_IMG_1564855701506.jpg\" alt=\"\" class=\"wp-image-9330\" srcset=\"https:\/\/diariodigitalmx.com\/wp-content\/uploads\/2019\/08\/FB_IMG_1564855701506.jpg 960w, https:\/\/diariodigitalmx.com\/wp-content\/uploads\/2019\/08\/FB_IMG_1564855701506-300x224.jpg 300w, https:\/\/diariodigitalmx.com\/wp-content\/uploads\/2019\/08\/FB_IMG_1564855701506-768x574.jpg 768w\" sizes=\"(max-width: 960px) 100vw, 960px\" \/><\/figure>\n\n\n\n<figure class=\"wp-block-image\"><img loading=\"lazy\" decoding=\"async\" width=\"960\" height=\"718\" src=\"http:\/\/diariodigitalmx.com\/wp-content\/uploads\/2019\/08\/FB_IMG_1564855672342.jpg\" alt=\"\" class=\"wp-image-9333\" srcset=\"https:\/\/diariodigitalmx.com\/wp-content\/uploads\/2019\/08\/FB_IMG_1564855672342.jpg 960w, https:\/\/diariodigitalmx.com\/wp-content\/uploads\/2019\/08\/FB_IMG_1564855672342-300x224.jpg 300w, https:\/\/diariodigitalmx.com\/wp-content\/uploads\/2019\/08\/FB_IMG_1564855672342-768x574.jpg 768w\" sizes=\"(max-width: 960px) 100vw, 960px\" \/><\/figure>\n","protected":false},"excerpt":{"rendered":"<p>*&#8221;No respondemos a grupo pol\u00edtico o partido alguno&#8221;, Osvaldo Serna &#8220;Por encima de colores e ideolog\u00edas, atendemos a todos; organizados con los vecinos llenamos el vac\u00edo que olvidaron los partidos, todos&#8221;, explica Bajo el slogan de &#8220;Cada d\u00eda somos m\u00e1s&#8221;, las brigadas de las Asociaciones Vecinales de la Federaci\u00f3n Revolucionaria de Obreros y Campesinos, estuvieron [&hellip;]<\/p>\n","protected":false},"author":1,"featured_media":9296,"comment_status":"open","ping_status":"open","sticky":true,"template":"","format":"standard","meta":{"footnotes":""},"categories":[6],"tags":[],"_links":{"self":[{"href":"https:\/\/diariodigitalmx.com\/index.php\/wp-json\/wp\/v2\/posts\/9294"}],"collection":[{"href":"https:\/\/diariodigitalmx.com\/index.php\/wp-json\/wp\/v2\/posts"}],"about":[{"href":"https:\/\/diariodigitalmx.com\/index.php\/wp-json\/wp\/v2\/types\/post"}],"author":[{"embeddable":true,"href":"https:\/\/diariodigitalmx.com\/index.php\/wp-json\/wp\/v2\/users\/1"}],"replies":[{"embeddable":true,"href":"https:\/\/diariodigitalmx.com\/index.php\/wp-json\/wp\/v2\/comments?post=9294"}],"version-history":[{"count":13,"href":"https:\/\/diariodigitalmx.com\/index.php\/wp-json\/wp\/v2\/posts\/9294\/revisions"}],"predecessor-version":[{"id":9334,"href":"https:\/\/diariodigitalmx.com\/index.php\/wp-json\/wp\/v2\/posts\/9294\/revisions\/9334"}],"wp:featuredmedia":[{"embeddable":true,"href":"https:\/\/diariodigitalmx.com\/index.php\/wp-json\/wp\/v2\/media\/9296"}],"wp:attachment":[{"href":"https:\/\/diariodigitalmx.com\/index.php\/wp-json\/wp\/v2\/media?parent=9294"}],"wp:term":[{"taxonomy":"category","embeddable":true,"href":"https:\/\/diariodigitalmx.com\/index.php\/wp-json\/wp\/v2\/categories?post=9294"},{"taxonomy":"post_tag","embeddable":true,"href":"https:\/\/diariodigitalmx.com\/index.php\/wp-json\/wp\/v2\/tags?post=9294"}],"curies":[{"name":"wp","href":"https:\/\/api.w.org\/{rel}","templated":true}]}}