{"id":9339,"date":"2019-08-04T14:15:17","date_gmt":"2019-08-04T19:15:17","guid":{"rendered":"http:\/\/diariodigitalmx.com\/?p=9339"},"modified":"2019-08-04T14:15:19","modified_gmt":"2019-08-04T19:15:19","slug":"se-acabo-la-vocacion-nadie-quiere-ser-sacerdote","status":"publish","type":"post","link":"https:\/\/diariodigitalmx.com\/index.php\/2019\/08\/04\/se-acabo-la-vocacion-nadie-quiere-ser-sacerdote\/","title":{"rendered":"Se acab\u00f3 la vocaci\u00f3n, nadie quiere ser sacerdote"},"content":{"rendered":"\n<p>David Casas<\/p>\n\n\n\n<p>Monterrey, N. L- En los tiempos actuales casi nadie quiere ser sacerdote cat\u00f3lico y la vocaci\u00f3n va a la baja, acept\u00f3 el Arzobispo de Monterrey, Rogelio Cabrera L\u00f3pez.<br><\/p>\n\n\n\n<p>Ahora apenas se grad\u00faan cuatro sacerdotes contra 28 anualmente en la d\u00e9cada de los a\u00f1os noventa.<\/p>\n\n\n\n<p>Cabrera L\u00f3pez lament\u00f3 la notable baja en la vocaci\u00f3n sacerdotal mientras las necesidades pastorales van al alza.<\/p>\n\n\n\n<p>&#8220;Agradecemos a Dios el que bendiga nuestra Iglesia incrementando el n\u00famero de sacerdotes para el servicio de su pueblo, bien sabemos que las necesidades pastorales van a la alza y las vocaciones sacerdotales a la baja.<br><\/p>\n\n\n\n<p>&#8220;Especialmente en los \u00faltimos a\u00f1os, no han despuntado lo suficiente para dar una mejor comisi\u00f3n a las comunidades, pero ese no es motivo para desfallecer y pensar que todo est\u00e1 perdido&#8221;.<br><\/p>\n\n\n\n<p>Al t\u00e9rmino de la misa dominical el tambi\u00e9n presidente del Episcopado Mexicano present\u00f3 a los medios de comunicaci\u00f3n cuatro Di\u00e1conos que ser\u00e1n nombrados sacerdotes el 15 de Agosto en la Bas\u00edlica de Guadalupe.<br><\/p>\n\n\n\n<p> En el d\u00eda del Santo Cura de Ars mejor conocido como &#8220;Patrono de los P\u00e1rrocos&#8221;, reiter\u00f3 el llamado a la vocaci\u00f3n sacerdotal porque se necesitan muchos m\u00e1s sacerdotes, mientras uno de los graduados tambi\u00e9n extern\u00f3 ese deseo.<br><\/p>\n\n\n\n<p>&#8220;Queremos pedirles un favor muy grande que sigan pidiendo y orando por las vocaciones, necesitamos muchos sacerdotes en el caso de nosotros entramos 27 al seminario menor, diez a\u00f1os despu\u00e9s somos cuatro los que nos ordenamos, necesitamos ser m\u00e1s pedimos mucho su oraci\u00f3n&#8221;, mencion\u00f3 el di\u00e1cono V\u00edctor Rocha.<br><\/p>\n\n\n\n<p>El arzobispo destaca la necesidad de &nbsp;al menos nueve iglesias por a\u00f1o, pero con la baja sacerdotal esto ha sido imposible, siguen trabajando en ello, y es por eso que pr\u00f3ximamente abrir\u00e1n una iglesia en los municipios de &nbsp;Ci\u00e9nega de Flores y Zuazua, respectivamente.<br><\/p>\n\n\n\n<p>La pr\u00f3xima generaci\u00f3n para el sacerdocio es de 27 hombres solamente por lo que no se satisfacen las necesidades de la iglesia cat\u00f3lica.<\/p>\n","protected":false},"excerpt":{"rendered":"<p>David Casas Monterrey, N. L- En los tiempos actuales casi nadie quiere ser sacerdote cat\u00f3lico y la vocaci\u00f3n va a la baja, acept\u00f3 el Arzobispo de Monterrey, Rogelio Cabrera L\u00f3pez. Ahora apenas se grad\u00faan cuatro sacerdotes contra 28 anualmente en la d\u00e9cada de los a\u00f1os noventa. Cabrera L\u00f3pez lament\u00f3 la notable baja en la vocaci\u00f3n [&hellip;]<\/p>\n","protected":false},"author":1,"featured_media":9341,"comment_status":"open","ping_status":"open","sticky":true,"template":"","format":"standard","meta":{"footnotes":""},"categories":[6],"tags":[],"_links":{"self":[{"href":"https:\/\/diariodigitalmx.com\/index.php\/wp-json\/wp\/v2\/posts\/9339"}],"collection":[{"href":"https:\/\/diariodigitalmx.com\/index.php\/wp-json\/wp\/v2\/posts"}],"about":[{"href":"https:\/\/diariodigitalmx.com\/index.php\/wp-json\/wp\/v2\/types\/post"}],"author":[{"embeddable":true,"href":"https:\/\/diariodigitalmx.com\/index.php\/wp-json\/wp\/v2\/users\/1"}],"replies":[{"embeddable":true,"href":"https:\/\/diariodigitalmx.com\/index.php\/wp-json\/wp\/v2\/comments?post=9339"}],"version-history":[{"count":1,"href":"https:\/\/diariodigitalmx.com\/index.php\/wp-json\/wp\/v2\/posts\/9339\/revisions"}],"predecessor-version":[{"id":9340,"href":"https:\/\/diariodigitalmx.com\/index.php\/wp-json\/wp\/v2\/posts\/9339\/revisions\/9340"}],"wp:featuredmedia":[{"embeddable":true,"href":"https:\/\/diariodigitalmx.com\/index.php\/wp-json\/wp\/v2\/media\/9341"}],"wp:attachment":[{"href":"https:\/\/diariodigitalmx.com\/index.php\/wp-json\/wp\/v2\/media?parent=9339"}],"wp:term":[{"taxonomy":"category","embeddable":true,"href":"https:\/\/diariodigitalmx.com\/index.php\/wp-json\/wp\/v2\/categories?post=9339"},{"taxonomy":"post_tag","embeddable":true,"href":"https:\/\/diariodigitalmx.com\/index.php\/wp-json\/wp\/v2\/tags?post=9339"}],"curies":[{"name":"wp","href":"https:\/\/api.w.org\/{rel}","templated":true}]}}