{"id":9347,"date":"2019-08-04T14:45:02","date_gmt":"2019-08-04T19:45:02","guid":{"rendered":"http:\/\/diariodigitalmx.com\/?p=9347"},"modified":"2019-08-04T14:45:03","modified_gmt":"2019-08-04T19:45:03","slug":"demon-jr-conserva-la-mascara-vence-a-wagner-en-lucha-ensangrentada","status":"publish","type":"post","link":"https:\/\/diariodigitalmx.com\/index.php\/2019\/08\/04\/demon-jr-conserva-la-mascara-vence-a-wagner-en-lucha-ensangrentada\/","title":{"rendered":"Demon JR, conserva la m\u00e1scara; vence a Wagner en lucha ensangrentada"},"content":{"rendered":"\n<p>Ciudad de M\u00e9xico.- Blue Demon Jr logr\u00f3 rapar al Dr Wagner en el combate que sostuvieron esta noche en la Ciudad de M\u00e9xico en un duelo en el que ambos terminaron &#8220;ba\u00f1ados en sangre&#8221;.<br><\/p>\n\n\n\n<p>El Dr Wagner quiso compensar a sus seguidores revelando el rostro de Blue Demon Jr dentro del ring, en un enfrentamiento de apuesta pero el luchador no lo logr\u00f3, y al contrario, perdi\u00f3 el combate.<br><\/p>\n\n\n\n<p>Adem\u00e1s, despu\u00e9s de que le fue cortada la cabellera &#8220;El Galeno del Mal&#8221; anunci\u00f3 su retiro ante los asistentes a la Arena Ciudad de M\u00e9xico, recinto de la funci\u00f3n de lucha libre.<br><\/p>\n\n\n\n<p>Wagner Jr admiti\u00f3 la derrota, aunque acus\u00f3 al hijo de Demon Jr de ayudar para que perdiera el combate en el cuadril\u00e1tero.<\/p>\n","protected":false},"excerpt":{"rendered":"<p>Ciudad de M\u00e9xico.- Blue Demon Jr logr\u00f3 rapar al Dr Wagner en el combate que sostuvieron esta noche en la Ciudad de M\u00e9xico en un duelo en el que ambos terminaron &#8220;ba\u00f1ados en sangre&#8221;. El Dr Wagner quiso compensar a sus seguidores revelando el rostro de Blue Demon Jr dentro del ring, en un enfrentamiento [&hellip;]<\/p>\n","protected":false},"author":1,"featured_media":9349,"comment_status":"open","ping_status":"open","sticky":true,"template":"","format":"standard","meta":{"footnotes":""},"categories":[8],"tags":[],"_links":{"self":[{"href":"https:\/\/diariodigitalmx.com\/index.php\/wp-json\/wp\/v2\/posts\/9347"}],"collection":[{"href":"https:\/\/diariodigitalmx.com\/index.php\/wp-json\/wp\/v2\/posts"}],"about":[{"href":"https:\/\/diariodigitalmx.com\/index.php\/wp-json\/wp\/v2\/types\/post"}],"author":[{"embeddable":true,"href":"https:\/\/diariodigitalmx.com\/index.php\/wp-json\/wp\/v2\/users\/1"}],"replies":[{"embeddable":true,"href":"https:\/\/diariodigitalmx.com\/index.php\/wp-json\/wp\/v2\/comments?post=9347"}],"version-history":[{"count":1,"href":"https:\/\/diariodigitalmx.com\/index.php\/wp-json\/wp\/v2\/posts\/9347\/revisions"}],"predecessor-version":[{"id":9348,"href":"https:\/\/diariodigitalmx.com\/index.php\/wp-json\/wp\/v2\/posts\/9347\/revisions\/9348"}],"wp:featuredmedia":[{"embeddable":true,"href":"https:\/\/diariodigitalmx.com\/index.php\/wp-json\/wp\/v2\/media\/9349"}],"wp:attachment":[{"href":"https:\/\/diariodigitalmx.com\/index.php\/wp-json\/wp\/v2\/media?parent=9347"}],"wp:term":[{"taxonomy":"category","embeddable":true,"href":"https:\/\/diariodigitalmx.com\/index.php\/wp-json\/wp\/v2\/categories?post=9347"},{"taxonomy":"post_tag","embeddable":true,"href":"https:\/\/diariodigitalmx.com\/index.php\/wp-json\/wp\/v2\/tags?post=9347"}],"curies":[{"name":"wp","href":"https:\/\/api.w.org\/{rel}","templated":true}]}}