{"id":9363,"date":"2019-08-05T06:24:20","date_gmt":"2019-08-05T11:24:20","guid":{"rendered":"http:\/\/diariodigitalmx.com\/?p=9363"},"modified":"2019-08-05T06:24:21","modified_gmt":"2019-08-05T11:24:21","slug":"priistas-mudos-y-agachados","status":"publish","type":"post","link":"https:\/\/diariodigitalmx.com\/index.php\/2019\/08\/05\/priistas-mudos-y-agachados\/","title":{"rendered":"Priistas, mudos y agachados"},"content":{"rendered":"\n<p><br> Por Salvador Hern\u00e1ndez LANDEROS<br> El Presidente fue priista. El Gobernador tambi\u00e9n. Y los priistas de Nuevo Le\u00f3n, <br> andan mudos y agachados, en v\u00edsperas de elegir su dirigencia nacional.<br> Tal parece que andan temerosos. Ning\u00fan Alcalde o Diputados han salido a <br> manifestarse por es su candidato favorito de las tres f\u00f3rmulas que participan.<br> En cambio, su dirigente estatal, Pedro Pablo Trevi\u00f1o, se desboca y da armas a <br> los otros Partidos para criticar la elecci\u00f3n que ser\u00e1 el domingo 11 de agosto.<br> Seg\u00fan, una columna de El Norte, el dirigente anda convocando a los priistas <br> locales a la elecci\u00f3n Nacional empleando la frase, \u201cP\u00e1senle a la B\u00e1scula\u201d.<br> Ya ver\u00e1n las cr\u00edticas. El \u201cP\u00e1senle a la B\u00e1scula\u201d, da a entender que cooperen, <br> \u201cque se mochen\u201d porque el PRI local est\u00e1 sin recursos financieros.<br> Seg\u00fan el director de Procesos Internos del CEN del PRI, la elecci\u00f3n del pr\u00f3ximo <br> domingo tendr\u00e1 un costo estimado en $80 millones y habr\u00e1 6 mil casillas. <br> Si son 80 millones distribuidos en 12 Estados donde hay gobernador priista van <br> a recurrir a los municipios donde el alcalde sea de extracci\u00f3n del tricolor.<br> Vi\u00e9ndolo as\u00ed, el mensaje de Pedro Pablo fue claro. Que se \u201capolinguen\u201d los <br> alcaldes del PRI n el estado. \u00bfDe d\u00f3nde va a salir el dinero? \u00bfDe su billetera?<br> En NL, los alcaldes priistas m\u00e1s solventes son Adri\u00e1n de la Garza Santos, <br> Cristina D\u00edaz, C\u00e9sar Garza y Clara Luz Flores, el resto ser\u00edan \u201csalario m\u00ednimo\u201d.<br> Ellos van a resentir las consecuencias de la hablada de Pedro Pablo. MORENA. <br> PT, MC se les van a ir a la yugular para conocer el manejo de sus finanzas.<br> Las tres ternas est\u00e1n encabezadas por \u201ccoste\u00f1os\u201d. Alejandro Moreno C\u00e1rdenas, <br> Ivonne Ortega Pacheco y Lorena Pi\u00f1\u00f3n, de Campeche, Yucat\u00e1n y Veracruz. <br> chavalolanderos@yahoo.com.mx<\/p>\n","protected":false},"excerpt":{"rendered":"<p>Por Salvador Hern\u00e1ndez LANDEROS El Presidente fue priista. El Gobernador tambi\u00e9n. Y los priistas de Nuevo Le\u00f3n, andan mudos y agachados, en v\u00edsperas de elegir su dirigencia nacional. Tal parece que andan temerosos. Ning\u00fan Alcalde o Diputados han salido a manifestarse por es su candidato favorito de las tres f\u00f3rmulas que participan. En cambio, su [&hellip;]<\/p>\n","protected":false},"author":1,"featured_media":9365,"comment_status":"open","ping_status":"open","sticky":true,"template":"","format":"standard","meta":{"footnotes":""},"categories":[12],"tags":[],"_links":{"self":[{"href":"https:\/\/diariodigitalmx.com\/index.php\/wp-json\/wp\/v2\/posts\/9363"}],"collection":[{"href":"https:\/\/diariodigitalmx.com\/index.php\/wp-json\/wp\/v2\/posts"}],"about":[{"href":"https:\/\/diariodigitalmx.com\/index.php\/wp-json\/wp\/v2\/types\/post"}],"author":[{"embeddable":true,"href":"https:\/\/diariodigitalmx.com\/index.php\/wp-json\/wp\/v2\/users\/1"}],"replies":[{"embeddable":true,"href":"https:\/\/diariodigitalmx.com\/index.php\/wp-json\/wp\/v2\/comments?post=9363"}],"version-history":[{"count":1,"href":"https:\/\/diariodigitalmx.com\/index.php\/wp-json\/wp\/v2\/posts\/9363\/revisions"}],"predecessor-version":[{"id":9364,"href":"https:\/\/diariodigitalmx.com\/index.php\/wp-json\/wp\/v2\/posts\/9363\/revisions\/9364"}],"wp:featuredmedia":[{"embeddable":true,"href":"https:\/\/diariodigitalmx.com\/index.php\/wp-json\/wp\/v2\/media\/9365"}],"wp:attachment":[{"href":"https:\/\/diariodigitalmx.com\/index.php\/wp-json\/wp\/v2\/media?parent=9363"}],"wp:term":[{"taxonomy":"category","embeddable":true,"href":"https:\/\/diariodigitalmx.com\/index.php\/wp-json\/wp\/v2\/categories?post=9363"},{"taxonomy":"post_tag","embeddable":true,"href":"https:\/\/diariodigitalmx.com\/index.php\/wp-json\/wp\/v2\/tags?post=9363"}],"curies":[{"name":"wp","href":"https:\/\/api.w.org\/{rel}","templated":true}]}}