{"id":9370,"date":"2019-08-05T13:08:07","date_gmt":"2019-08-05T18:08:07","guid":{"rendered":"http:\/\/diariodigitalmx.com\/?p=9370"},"modified":"2019-08-05T13:08:48","modified_gmt":"2019-08-05T18:08:48","slug":"alertan-de-mas-calor-ricos-y-pobres-dos-formas-de-mitigar-las-altas-temperaturas","status":"publish","type":"post","link":"https:\/\/diariodigitalmx.com\/index.php\/2019\/08\/05\/alertan-de-mas-calor-ricos-y-pobres-dos-formas-de-mitigar-las-altas-temperaturas\/","title":{"rendered":"Alertan de m\u00e1s calor; ricos y pobres, dos formas de mitigar las altas temperaturas"},"content":{"rendered":"\n<p>Jessica Leal<\/p>\n\n\n\n<p>Monterrey, N. L- \u201cAnuncian un chin\u2026 de calor, el fin de semana nos vamos\nal rancho, h\u00e1blale a la raza, all\u00e1 nos la pasamos en la alberca, hay que\npreparar todo\u201d, explica en residencia de una exclusiva colonia de San Pedro\nGarza Garc\u00eda, \u201cEl Bredy\u201d, quien enfrenta las altas temperaturas con clima.<\/p>\n\n\n\n<p>En contraste, en una morada del norte de Monterrey, una casita con techo\nde l\u00e1mina don Alberto Olivares, se queja del intenso calor y del \u201caire caliente\nque avienta el ventilador, no se puede dormir, hay zancudos\u201d, dice.<\/p>\n\n\n\n<p>Los dos son no escapan a las altas temperaturas que se anuncian por las\nautoridades para esta semana.<\/p>\n\n\n\n<p>Y es que, en Monterrey, hay varias formas de mitigar el intenso calor:\nen una alberca de miles de litros de agua y bajo el aire acondicionado o en su\ndefecto, en una cantina, bar o antro al comp\u00e1s de la m\u00fasica.<\/p>\n\n\n\n<p>Aunque en Monterrey y su \u00e1rea conurbada las temperaturas son cercanas a\nlos 40 grados, Protecci\u00f3n Civil estatal alert\u00f3 por una nueva ola de calor.<\/p>\n\n\n\n<p>Estas temperaturas estar\u00e1n por arriba de los 40 grados cent\u00edgrados en la\nzona metropolitana durante la mayor parte de esta semana que ha iniciado.<\/p>\n\n\n\n<p>De acuerdo a&nbsp;Miguel Perales, director de Protecci\u00f3n Civil de Nuevo\nLe\u00f3n a partir de este martes y hasta el viernes se presentar\u00e1n altas\ntemperaturas, que podr\u00e1n alcanzar y rebasar los 40 grados cent\u00edgrados.<\/p>\n\n\n\n<p>&#8220;Para el d\u00eda de ma\u00f1ana (martes) iniciar\u00eda esta nueva onda de calor,\nque se estar\u00eda sintiendo en el estado de Nuevo Le\u00f3n pr\u00e1cticamente toda la\nsemana, martes, mi\u00e9rcoles, jueves y viernes, e incluso pudiera extenderse a\ns\u00e1bado y domingo&#8221;.<\/p>\n\n\n\n<p>&#8220;Nosotros tenemos ya previsto nuevamente instalar el operativo de\nhidrataci\u00f3n y atenci\u00f3n m\u00e9dica aqu\u00ed en la zona metropolitana&#8221;.<\/p>\n\n\n\n<p>Por ello, se coordinar\u00e1n con los 51 municipios del estado para estar atentos a emergencias por la ola de calor y evitar que las personas e incluso las mascotas resulten afectadas.<\/p>\n\n\n\n<ul class=\"wp-block-gallery columns-1 is-cropped wp-block-gallery-1 is-layout-flex wp-block-gallery-is-layout-flex\"><li class=\"blocks-gallery-item\"><figure><img loading=\"lazy\" decoding=\"async\" width=\"600\" height=\"360\" src=\"http:\/\/diariodigitalmx.com\/wp-content\/uploads\/2019\/08\/Casas-techo-l\u00e1mina.jpg\" alt=\"\" data-id=\"9373\" data-link=\"http:\/\/diariodigitalmx.com\/index.php\/2019\/08\/05\/alertan-de-mas-calor-ricos-y-pobres-dos-formas-de-mitigar-las-altas-temperaturas\/casas-techo-lamina\/\" class=\"wp-image-9373\" srcset=\"https:\/\/diariodigitalmx.com\/wp-content\/uploads\/2019\/08\/Casas-techo-l\u00e1mina.jpg 600w, https:\/\/diariodigitalmx.com\/wp-content\/uploads\/2019\/08\/Casas-techo-l\u00e1mina-300x180.jpg 300w\" sizes=\"(max-width: 600px) 100vw, 600px\" \/><\/figure><\/li><\/ul>\n\n\n\n<p>C\u00f3mo inicio esperan tormentas aisladas en zonas monta\u00f1osas y en\nmunicipios del sur del Estado.<\/p>\n\n\n\n<p>La zona metropolitana regiomontana se caracteriza por ser una regi\u00f3n\nseca sin lluvia en la mayor parte del a\u00f1o, en cambio, temperaturas que hasta en\ninvierno superan los 30 grados.<\/p>\n\n\n\n<p>\u201cEl Bredy\u201d que prefiere que le digan solamente as\u00ed como se le conoce, no\ntiene problemas, prepara el fin de semana para enfrentar el intenso clima. Sube\na su camioneta con clima y avanza por las calles de las fastuosas colonias de\nSan Pedro Garza Garc\u00eda.<\/p>\n\n\n\n<p>Mientras tanto, el se\u00f1or Olivares, pide una cerveza y otra y otra m\u00e1s en\nun bar del centro de la ciudad. Afuera, el sol es intenso, casi 40 grados. \u201cNo\nquisiera salirme pero v\u00e1monos a casa a dormir ped\u2026 ma\u00f1ana veremos la cruda\u201d,\ndice.<\/p>\n","protected":false},"excerpt":{"rendered":"<p>Jessica Leal Monterrey, N. L- \u201cAnuncian un chin\u2026 de calor, el fin de semana nos vamos al rancho, h\u00e1blale a la raza, all\u00e1 nos la pasamos en la alberca, hay que preparar todo\u201d, explica en residencia de una exclusiva colonia de San Pedro Garza Garc\u00eda, \u201cEl Bredy\u201d, quien enfrenta las altas temperaturas con clima. En [&hellip;]<\/p>\n","protected":false},"author":1,"featured_media":9372,"comment_status":"open","ping_status":"open","sticky":true,"template":"","format":"standard","meta":{"footnotes":""},"categories":[6],"tags":[],"_links":{"self":[{"href":"https:\/\/diariodigitalmx.com\/index.php\/wp-json\/wp\/v2\/posts\/9370"}],"collection":[{"href":"https:\/\/diariodigitalmx.com\/index.php\/wp-json\/wp\/v2\/posts"}],"about":[{"href":"https:\/\/diariodigitalmx.com\/index.php\/wp-json\/wp\/v2\/types\/post"}],"author":[{"embeddable":true,"href":"https:\/\/diariodigitalmx.com\/index.php\/wp-json\/wp\/v2\/users\/1"}],"replies":[{"embeddable":true,"href":"https:\/\/diariodigitalmx.com\/index.php\/wp-json\/wp\/v2\/comments?post=9370"}],"version-history":[{"count":2,"href":"https:\/\/diariodigitalmx.com\/index.php\/wp-json\/wp\/v2\/posts\/9370\/revisions"}],"predecessor-version":[{"id":9374,"href":"https:\/\/diariodigitalmx.com\/index.php\/wp-json\/wp\/v2\/posts\/9370\/revisions\/9374"}],"wp:featuredmedia":[{"embeddable":true,"href":"https:\/\/diariodigitalmx.com\/index.php\/wp-json\/wp\/v2\/media\/9372"}],"wp:attachment":[{"href":"https:\/\/diariodigitalmx.com\/index.php\/wp-json\/wp\/v2\/media?parent=9370"}],"wp:term":[{"taxonomy":"category","embeddable":true,"href":"https:\/\/diariodigitalmx.com\/index.php\/wp-json\/wp\/v2\/categories?post=9370"},{"taxonomy":"post_tag","embeddable":true,"href":"https:\/\/diariodigitalmx.com\/index.php\/wp-json\/wp\/v2\/tags?post=9370"}],"curies":[{"name":"wp","href":"https:\/\/api.w.org\/{rel}","templated":true}]}}