{"id":9387,"date":"2019-08-05T16:01:40","date_gmt":"2019-08-05T21:01:40","guid":{"rendered":"http:\/\/diariodigitalmx.com\/?p=9387"},"modified":"2019-08-05T16:03:14","modified_gmt":"2019-08-05T21:03:14","slug":"vecinos-de-hidalgo-n-l-entran-a-la-pobreza-extrema-patrimonial","status":"publish","type":"post","link":"https:\/\/diariodigitalmx.com\/index.php\/2019\/08\/05\/vecinos-de-hidalgo-n-l-entran-a-la-pobreza-extrema-patrimonial\/","title":{"rendered":"Vecinos de Hidalgo, N L, entran a la pobreza extrema patrimonial"},"content":{"rendered":"\n<p>Los 25 mil habitantes del municipio de Hidalgo entraron a la estad\u00edstica de Pobreza Extrema patrimonial, problema social que podr\u00eda escalar a la agenda de la C\u00e1mara de Diputados, toda vez de la renuencia institucional a resolver la demanda de escrituras, afirm\u00f3 An\u00edbal Garza, consejero nacional del PRD.<\/p>\n\n\n\n<p>Entrevistado, An\u00edbal Garza inform\u00f3 que Hidalgo va en camino a convertirse en un pueblo fantasma por la falta de desarrollo social y econ\u00f3mico, condici\u00f3n que parece no preocupar al gobierno del estado y menos al ayuntamiento que, en lugar de promover la expedici\u00f3n de escrituras para las cinco mil familias, combate esa posibilidad en el Tribunal Agrario.<\/p>\n\n\n\n<figure class=\"wp-block-image\"><img loading=\"lazy\" decoding=\"async\" width=\"1024\" height=\"681\" src=\"http:\/\/diariodigitalmx.com\/wp-content\/uploads\/2019\/08\/SAM_0188-1024x681.jpg\" alt=\"\" class=\"wp-image-9389\" srcset=\"https:\/\/diariodigitalmx.com\/wp-content\/uploads\/2019\/08\/SAM_0188-1024x681.jpg 1024w, https:\/\/diariodigitalmx.com\/wp-content\/uploads\/2019\/08\/SAM_0188-300x200.jpg 300w, https:\/\/diariodigitalmx.com\/wp-content\/uploads\/2019\/08\/SAM_0188-768x511.jpg 768w\" sizes=\"(max-width: 1024px) 100vw, 1024px\" \/><\/figure>\n\n\n\n<p>No descartamos que este asunto sea elevado a la agenda de la C\u00e1mara de Diputados de la Ciudad de M\u00e9xico toda vez de la situaci\u00f3n desesperante que existe en el lugar, dijo.<\/p>\n\n\n\n<p>Garza introdujo una segunda petici\u00f3n de audiencia en Palacio de Gobierno. Acompa\u00f1ado de habitantes de Hidalgo, el vocero precis\u00f3 que las familias llevan m\u00e1s de 50 a\u00f1os sin escrituras, lo cual pone en riesgo su patrimonio y el desarrollo futuro de toda la comunidad.<\/p>\n\n\n\n<p>Nosotros estamos solicitando al gobernador Jaime Rodr\u00edguez voltee su mirada al municipio de Hidalgo luego de que hace unos d\u00edas entreg\u00f3 escrituras a gente del municipio de Doctor Gonz\u00e1lez, expres\u00f3 Garza.<\/p>\n\n\n\n<figure class=\"wp-block-image\"><img loading=\"lazy\" decoding=\"async\" width=\"1024\" height=\"681\" src=\"http:\/\/diariodigitalmx.com\/wp-content\/uploads\/2019\/08\/SAM_0158-1024x681.jpg\" alt=\"\" class=\"wp-image-9392\" srcset=\"https:\/\/diariodigitalmx.com\/wp-content\/uploads\/2019\/08\/SAM_0158-1024x681.jpg 1024w, https:\/\/diariodigitalmx.com\/wp-content\/uploads\/2019\/08\/SAM_0158-300x200.jpg 300w, https:\/\/diariodigitalmx.com\/wp-content\/uploads\/2019\/08\/SAM_0158-768x511.jpg 768w\" sizes=\"(max-width: 1024px) 100vw, 1024px\" \/><\/figure>\n\n\n\n<p>Sugiri\u00f3 la creaci\u00f3n de una Mesa de Di\u00e1logo con participaci\u00f3n del gobierno, Fomerrey y los vecinos de Hidalgo con el objetivo de llegar al tr\u00e1mite de la expedici\u00f3n de las escrituras.<\/p>\n\n\n\n<p>Abund\u00f3 que la falta de escrituraci\u00f3n, no estimula las inversiones, creaci\u00f3n de micro, peque\u00f1as y grandes empresas y el empleo. En cuanto a los hidalguenses, no son sujetos de cr\u00e9dito, condici\u00f3n que las mantiene en la postraci\u00f3n social y econ\u00f3mica.<\/p>\n\n\n\n<p><\/p>\n","protected":false},"excerpt":{"rendered":"<p>Los 25 mil habitantes del municipio de Hidalgo entraron a la estad\u00edstica de Pobreza Extrema patrimonial, problema social que podr\u00eda escalar a la agenda de la C\u00e1mara de Diputados, toda vez de la renuencia institucional a resolver la demanda de escrituras, afirm\u00f3 An\u00edbal Garza, consejero nacional del PRD. Entrevistado, An\u00edbal Garza inform\u00f3 que Hidalgo va [&hellip;]<\/p>\n","protected":false},"author":1,"featured_media":9386,"comment_status":"open","ping_status":"open","sticky":true,"template":"","format":"standard","meta":{"footnotes":""},"categories":[6],"tags":[],"_links":{"self":[{"href":"https:\/\/diariodigitalmx.com\/index.php\/wp-json\/wp\/v2\/posts\/9387"}],"collection":[{"href":"https:\/\/diariodigitalmx.com\/index.php\/wp-json\/wp\/v2\/posts"}],"about":[{"href":"https:\/\/diariodigitalmx.com\/index.php\/wp-json\/wp\/v2\/types\/post"}],"author":[{"embeddable":true,"href":"https:\/\/diariodigitalmx.com\/index.php\/wp-json\/wp\/v2\/users\/1"}],"replies":[{"embeddable":true,"href":"https:\/\/diariodigitalmx.com\/index.php\/wp-json\/wp\/v2\/comments?post=9387"}],"version-history":[{"count":3,"href":"https:\/\/diariodigitalmx.com\/index.php\/wp-json\/wp\/v2\/posts\/9387\/revisions"}],"predecessor-version":[{"id":9394,"href":"https:\/\/diariodigitalmx.com\/index.php\/wp-json\/wp\/v2\/posts\/9387\/revisions\/9394"}],"wp:featuredmedia":[{"embeddable":true,"href":"https:\/\/diariodigitalmx.com\/index.php\/wp-json\/wp\/v2\/media\/9386"}],"wp:attachment":[{"href":"https:\/\/diariodigitalmx.com\/index.php\/wp-json\/wp\/v2\/media?parent=9387"}],"wp:term":[{"taxonomy":"category","embeddable":true,"href":"https:\/\/diariodigitalmx.com\/index.php\/wp-json\/wp\/v2\/categories?post=9387"},{"taxonomy":"post_tag","embeddable":true,"href":"https:\/\/diariodigitalmx.com\/index.php\/wp-json\/wp\/v2\/tags?post=9387"}],"curies":[{"name":"wp","href":"https:\/\/api.w.org\/{rel}","templated":true}]}}