{"id":9397,"date":"2019-08-06T06:06:48","date_gmt":"2019-08-06T11:06:48","guid":{"rendered":"http:\/\/diariodigitalmx.com\/?p=9397"},"modified":"2019-08-06T06:06:49","modified_gmt":"2019-08-06T11:06:49","slug":"por-cierto-95","status":"publish","type":"post","link":"https:\/\/diariodigitalmx.com\/index.php\/2019\/08\/06\/por-cierto-95\/","title":{"rendered":"Por cierto&#8230;"},"content":{"rendered":"\n<p>\u00d3scar Tamez Rodr\u00edguez<\/p>\n\n\n\n<p>Coneval da a conocer su documento \u201c10 a\u00f1os de medici\u00f3n de la pobreza en M\u00e9xico\u201d. Datos interesantes, por ejemplo, en NL disminuye este flagelo social a n\u00fameros casi aceptables. Seg\u00fan Coneval el 42% de la poblaci\u00f3n mexicana est\u00e1 en un grado de pobreza, en ruta de descenso. Los nuevoleoneses somos injustos con el Bronco pues en el per\u00edodo en el que coincide con EPN disminuy\u00f3 la pobreza como no sucedi\u00f3 con sus antecesores. Vaya, nos dice que en municipios como Ramones o Herreras no hay pobres, si acaso 3 o 4 personas&#8230; Los n\u00fameros gruesos del reporte se leen atractivos, pero cuando contrastamos los resultados con la realidad se baja el 0 y no contiene. Un dato duro irregular: la suma de poblaci\u00f3n y pobreza en los municipios de NL no cuadra con el reporte estatal. Es m\u00e1s, los n\u00fameros de Coneval no cuadran con el Coneval de reportes previos&#8230; Ma\u00f1ana a las 19:00 en la casa de la cultura de Santiago, NL estar\u00e1 Benjam\u00edn Valdez hablando del Rescate de la antigua fundaci\u00f3n Siller. \u00a1Dense la vuelta!<br>Oscar Tamez Rdz.&nbsp;<a rel=\"noreferrer noopener\" href=\"http:\/\/www.estudiospoliticos.mx\/\" target=\"_blank\">www.estudiospoliticos.mx<\/a><a rel=\"noreferrer noopener\" href=\"http:\/\/facebook.com\/EstudiosPoliticos.mx\" target=\"_blank\">Facebook.com\/EstudiosPoliticos.mx<\/a>@EstudiosMx<br><\/p>\n","protected":false},"excerpt":{"rendered":"<p>\u00d3scar Tamez Rodr\u00edguez Coneval da a conocer su documento \u201c10 a\u00f1os de medici\u00f3n de la pobreza en M\u00e9xico\u201d. Datos interesantes, por ejemplo, en NL disminuye este flagelo social a n\u00fameros casi aceptables. Seg\u00fan Coneval el 42% de la poblaci\u00f3n mexicana est\u00e1 en un grado de pobreza, en ruta de descenso. Los nuevoleoneses somos injustos con [&hellip;]<\/p>\n","protected":false},"author":1,"featured_media":9399,"comment_status":"open","ping_status":"open","sticky":true,"template":"","format":"standard","meta":{"footnotes":""},"categories":[12],"tags":[],"_links":{"self":[{"href":"https:\/\/diariodigitalmx.com\/index.php\/wp-json\/wp\/v2\/posts\/9397"}],"collection":[{"href":"https:\/\/diariodigitalmx.com\/index.php\/wp-json\/wp\/v2\/posts"}],"about":[{"href":"https:\/\/diariodigitalmx.com\/index.php\/wp-json\/wp\/v2\/types\/post"}],"author":[{"embeddable":true,"href":"https:\/\/diariodigitalmx.com\/index.php\/wp-json\/wp\/v2\/users\/1"}],"replies":[{"embeddable":true,"href":"https:\/\/diariodigitalmx.com\/index.php\/wp-json\/wp\/v2\/comments?post=9397"}],"version-history":[{"count":2,"href":"https:\/\/diariodigitalmx.com\/index.php\/wp-json\/wp\/v2\/posts\/9397\/revisions"}],"predecessor-version":[{"id":9400,"href":"https:\/\/diariodigitalmx.com\/index.php\/wp-json\/wp\/v2\/posts\/9397\/revisions\/9400"}],"wp:featuredmedia":[{"embeddable":true,"href":"https:\/\/diariodigitalmx.com\/index.php\/wp-json\/wp\/v2\/media\/9399"}],"wp:attachment":[{"href":"https:\/\/diariodigitalmx.com\/index.php\/wp-json\/wp\/v2\/media?parent=9397"}],"wp:term":[{"taxonomy":"category","embeddable":true,"href":"https:\/\/diariodigitalmx.com\/index.php\/wp-json\/wp\/v2\/categories?post=9397"},{"taxonomy":"post_tag","embeddable":true,"href":"https:\/\/diariodigitalmx.com\/index.php\/wp-json\/wp\/v2\/tags?post=9397"}],"curies":[{"name":"wp","href":"https:\/\/api.w.org\/{rel}","templated":true}]}}