{"id":9401,"date":"2019-08-06T12:04:11","date_gmt":"2019-08-06T17:04:11","guid":{"rendered":"http:\/\/diariodigitalmx.com\/?p=9401"},"modified":"2019-08-06T12:06:30","modified_gmt":"2019-08-06T17:06:30","slug":"federacion-croquista-va-por-enmienda-de-la-oit-para-impedir-prohibicion-del-comercio-en-la-via-publica","status":"publish","type":"post","link":"https:\/\/diariodigitalmx.com\/index.php\/2019\/08\/06\/federacion-croquista-va-por-enmienda-de-la-oit-para-impedir-prohibicion-del-comercio-en-la-via-publica\/","title":{"rendered":"Federaci\u00f3n croquista va por enmienda de la OIT, para impedir prohibici\u00f3n del comercio en la v\u00eda p\u00fablica"},"content":{"rendered":"\n<p>&nbsp;Por: Francisco J. Pe\u00f1a Medina<\/p>\n\n\n\n<p>&nbsp;&nbsp;&nbsp; Ante el acoso y la persecuci\u00f3n, de que son v\u00edctimas, muchas veces con violencia, los comerciantes informales en M\u00e9xico por parte de las autoridades, la Federaci\u00f3n Nacional de Organizaciones de Trabajadores No Asalariados de la CROC, buscar\u00e1 una enmienda de la Organizaci\u00f3n Internacional del Trabajo para evitar los abusos&nbsp; y la prohibici\u00f3n que sufren los vendedores en la v\u00eda publica.<\/p>\n\n\n\n<p>&nbsp;&nbsp;&nbsp; En entrevista para el programa La PolemiKa Con K,&nbsp; Gilberto V\u00e1zquez Muro l\u00edder de la organizaci\u00f3n sindical y miembro activo de Streetnet Internacional, un organismo que aglutina a mas de 48 pa\u00edses, explic\u00f3 que ya existe una recomendaci\u00f3n de la OIT encaminada a salvaguardar las garant\u00edas laborales de mas de 15 millones de mexicanos que se dedican al comercio informal, de los cuales, 800 mil corresponden a Nuevo Le\u00f3n.<\/p>\n\n\n\n<p>\u00a0\u00a0\u00a0 \u201cSe aprob\u00f3 la recomendaci\u00f3n\u00a0 a todos los pa\u00edses de la OIT del alto al acoso, al abuso y\u00a0 a la violencia en contra de los vendedores en la v\u00eda p\u00fablica y en contra de los trabajadores en su entorno laboral, yo creo que las autoridades eso deben de tomar en cuenta, que ya se proh\u00edban esos desalojos, y ahora vamos por la enmienda para que esto sea obligatorio\u201d, manifest\u00f3 el tambi\u00e9n dirigente de la Confederaci\u00f3n Revolucionaria de Obreros y Campesinos en Monterrey.<\/p>\n\n\n\n<figure class=\"wp-block-image\"><img loading=\"lazy\" decoding=\"async\" width=\"680\" height=\"451\" src=\"http:\/\/diariodigitalmx.com\/wp-content\/uploads\/2019\/08\/images-2.jpeg\" alt=\"\" class=\"wp-image-9405\" srcset=\"https:\/\/diariodigitalmx.com\/wp-content\/uploads\/2019\/08\/images-2.jpeg 680w, https:\/\/diariodigitalmx.com\/wp-content\/uploads\/2019\/08\/images-2-300x199.jpeg 300w\" sizes=\"(max-width: 680px) 100vw, 680px\" \/><\/figure>\n\n\n\n<p>&nbsp;&nbsp;&nbsp; Al participar durante la transmisi\u00f3n con el tema: \u201cComercio en la V\u00eda P\u00fablica; \u00bfProblema Social \u00f3 Soluci\u00f3n al Desempleo\u201d, V\u00e1zquez Muro afirm\u00f3 que el fen\u00f3meno del ambulantaje recorre el mundo y obedece a la falta de oportunidades de trabajo, lo que obliga a millones de personas a buscar otras&nbsp; alternativas laborales para generar ingresos en forma honesta y proveer sustento, educaci\u00f3n y vestido a su familia.<\/p>\n\n\n\n<p>&nbsp;&nbsp;&nbsp;  \u201cEsto m\u00e1s que un problema social, yo le veo una soluci\u00f3n al desempleo que ha prevalecido durante mucho tiempo en \u00e9pocas, algunas m\u00e1s otras menos, esto ha sido un parteaguas para que&nbsp; la gente dedique a algo honesto, algo digno para ganarse la vida y no algo ilegal. Para nosotros es una cuesti\u00f3n de fomentar el empleo aunque sea informal pero de esa manera llevamos comida a la casa\u201d, expres\u00f3 el l\u00edder croquista.<br><\/p>\n\n\n\n<p>&nbsp;&nbsp;&nbsp; V\u00e1zquez Muro consider\u00f3 positivo el proceso de reordenamiento del comercio informal que realiza el municipio de Monterrey bajo el mando del alcalde Adri\u00e1n de la Garza pues, se\u00f1al\u00f3, se esta atacando la anarqu\u00eda que prevalece en las calles del centro de la ciudad y combatiendo al mismo tiempo, la conducta de algunos seudo \u201clideres sociales\u201d que \u201ccobran piso\u201d a los comerciantes informales a espalda de las autoridades.<\/p>\n","protected":false},"excerpt":{"rendered":"<p>&nbsp;Por: Francisco J. Pe\u00f1a Medina &nbsp;&nbsp;&nbsp; Ante el acoso y la persecuci\u00f3n, de que son v\u00edctimas, muchas veces con violencia, los comerciantes informales en M\u00e9xico por parte de las autoridades, la Federaci\u00f3n Nacional de Organizaciones de Trabajadores No Asalariados de la CROC, buscar\u00e1 una enmienda de la Organizaci\u00f3n Internacional del Trabajo para evitar los abusos&nbsp; [&hellip;]<\/p>\n","protected":false},"author":1,"featured_media":9403,"comment_status":"open","ping_status":"open","sticky":true,"template":"","format":"standard","meta":{"footnotes":""},"categories":[6],"tags":[],"_links":{"self":[{"href":"https:\/\/diariodigitalmx.com\/index.php\/wp-json\/wp\/v2\/posts\/9401"}],"collection":[{"href":"https:\/\/diariodigitalmx.com\/index.php\/wp-json\/wp\/v2\/posts"}],"about":[{"href":"https:\/\/diariodigitalmx.com\/index.php\/wp-json\/wp\/v2\/types\/post"}],"author":[{"embeddable":true,"href":"https:\/\/diariodigitalmx.com\/index.php\/wp-json\/wp\/v2\/users\/1"}],"replies":[{"embeddable":true,"href":"https:\/\/diariodigitalmx.com\/index.php\/wp-json\/wp\/v2\/comments?post=9401"}],"version-history":[{"count":2,"href":"https:\/\/diariodigitalmx.com\/index.php\/wp-json\/wp\/v2\/posts\/9401\/revisions"}],"predecessor-version":[{"id":9406,"href":"https:\/\/diariodigitalmx.com\/index.php\/wp-json\/wp\/v2\/posts\/9401\/revisions\/9406"}],"wp:featuredmedia":[{"embeddable":true,"href":"https:\/\/diariodigitalmx.com\/index.php\/wp-json\/wp\/v2\/media\/9403"}],"wp:attachment":[{"href":"https:\/\/diariodigitalmx.com\/index.php\/wp-json\/wp\/v2\/media?parent=9401"}],"wp:term":[{"taxonomy":"category","embeddable":true,"href":"https:\/\/diariodigitalmx.com\/index.php\/wp-json\/wp\/v2\/categories?post=9401"},{"taxonomy":"post_tag","embeddable":true,"href":"https:\/\/diariodigitalmx.com\/index.php\/wp-json\/wp\/v2\/tags?post=9401"}],"curies":[{"name":"wp","href":"https:\/\/api.w.org\/{rel}","templated":true}]}}