{"id":9422,"date":"2019-08-06T15:13:33","date_gmt":"2019-08-06T20:13:33","guid":{"rendered":"http:\/\/diariodigitalmx.com\/?p=9422"},"modified":"2019-08-06T15:14:41","modified_gmt":"2019-08-06T20:14:41","slug":"polleros-dominicanos-mantenian-en-casa-a-migrantes-ecuatorianos","status":"publish","type":"post","link":"https:\/\/diariodigitalmx.com\/index.php\/2019\/08\/06\/polleros-dominicanos-mantenian-en-casa-a-migrantes-ecuatorianos\/","title":{"rendered":"Polleros dominicanos manten\u00edan en casa a migrantes ecuatorianos"},"content":{"rendered":"\n<p>Jessica Leal<\/p>\n\n\n\n<p>Escobedo, N. L- Un grupo de tres presuntos polleros dominicanos manten\u00edan en una casa&nbsp; de Escobedo, al norte de la zona metropolitana a diez migrantes procedentes de Ecuador.<br><\/p>\n\n\n\n<p>Los detenidos son de origen dominicano y ten\u00edan a&nbsp; seis hombres y cuatro mujeres en el interior de una casa de la colonia Praderas de San Francisco.<br><\/p>\n\n\n\n<p>Fueron rescatados por elementos de la secretar\u00eda de Seguridad Ciudadana y Justicia C\u00edvica quienes detectaron a los\u00a0indocumentados en la vivienda.<\/p>\n\n\n\n<figure class=\"wp-block-image\"><img loading=\"lazy\" decoding=\"async\" width=\"1024\" height=\"682\" src=\"http:\/\/diariodigitalmx.com\/wp-content\/uploads\/2019\/08\/5d2356cc2a98424f9a3555718d7655e6-1024x682.jpg\" alt=\"\" class=\"wp-image-9425\" srcset=\"https:\/\/diariodigitalmx.com\/wp-content\/uploads\/2019\/08\/5d2356cc2a98424f9a3555718d7655e6-1024x682.jpg 1024w, https:\/\/diariodigitalmx.com\/wp-content\/uploads\/2019\/08\/5d2356cc2a98424f9a3555718d7655e6-300x200.jpg 300w, https:\/\/diariodigitalmx.com\/wp-content\/uploads\/2019\/08\/5d2356cc2a98424f9a3555718d7655e6-768x512.jpg 768w, https:\/\/diariodigitalmx.com\/wp-content\/uploads\/2019\/08\/5d2356cc2a98424f9a3555718d7655e6.jpg 1280w\" sizes=\"(max-width: 1024px) 100vw, 1024px\" \/><\/figure>\n\n\n\n<p>El secretario de Seguridad, General Hermelindo Lara Cruz, inform\u00f3 que el rescate de los indocumentados, y los detenidos, se dio despu\u00e9s de que una mujer que tambi\u00e9n se encontraba en el domicilio&nbsp; logr\u00f3 salir para pedir un tel\u00e9fono en una vivienda cercana desde hizo el reporte al 911.<br><\/p>\n\n\n\n<p>La mujer revel\u00f3 que los detenidos ofrecieron llevarlos a Estados Unidos, pero no los dejaban salir de la casa en donde los ten\u00edan alojados.<\/p>\n\n\n\n<p><br><\/p>\n\n\n\n<figure class=\"wp-block-image\"><img loading=\"lazy\" decoding=\"async\" width=\"1024\" height=\"768\" src=\"http:\/\/diariodigitalmx.com\/wp-content\/uploads\/2019\/08\/04f0008d200340f497642cb9790f3fbc-1024x768.jpg\" alt=\"\" class=\"wp-image-9427\" srcset=\"https:\/\/diariodigitalmx.com\/wp-content\/uploads\/2019\/08\/04f0008d200340f497642cb9790f3fbc.jpg 1024w, https:\/\/diariodigitalmx.com\/wp-content\/uploads\/2019\/08\/04f0008d200340f497642cb9790f3fbc-300x225.jpg 300w, https:\/\/diariodigitalmx.com\/wp-content\/uploads\/2019\/08\/04f0008d200340f497642cb9790f3fbc-768x576.jpg 768w\" sizes=\"(max-width: 1024px) 100vw, 1024px\" \/><\/figure>\n\n\n\n<p>Los detenidos fueron identificados como Juan Carlos, de 56 a\u00f1os de edad; Ambiore, de 36, y Jordan Eduardo, de 31.<br><\/p>\n\n\n\n<p>Entre las pertenencias de los indocumentados se encontraron boletos de avi\u00f3n fechados el 7 de julio, y permisos de turista con temporalidad de 4 d\u00edas, as\u00ed como formas migratorias.<\/p>\n\n\n\n<p><br><\/p>\n\n\n\n<figure class=\"wp-block-image\"><img loading=\"lazy\" decoding=\"async\" width=\"1024\" height=\"682\" src=\"http:\/\/diariodigitalmx.com\/wp-content\/uploads\/2019\/08\/644acca9ddbd44e18b53dd45ba702615-1024x682.jpg\" alt=\"\" class=\"wp-image-9429\" srcset=\"https:\/\/diariodigitalmx.com\/wp-content\/uploads\/2019\/08\/644acca9ddbd44e18b53dd45ba702615-1024x682.jpg 1024w, https:\/\/diariodigitalmx.com\/wp-content\/uploads\/2019\/08\/644acca9ddbd44e18b53dd45ba702615-300x200.jpg 300w, https:\/\/diariodigitalmx.com\/wp-content\/uploads\/2019\/08\/644acca9ddbd44e18b53dd45ba702615-768x512.jpg 768w, https:\/\/diariodigitalmx.com\/wp-content\/uploads\/2019\/08\/644acca9ddbd44e18b53dd45ba702615.jpg 1280w\" sizes=\"(max-width: 1024px) 100vw, 1024px\" \/><\/figure>\n\n\n\n<p>Algunos migrantes&nbsp; viajaron por tierra desde Honduras, y otros en avi\u00f3n rumbo a la Ciudad de M\u00e9xico, de donde se trasladaron a Monterrey en autob\u00fas.&nbsp;<br><\/p>\n\n\n\n<p>Los tres presuntos traficantes de personas fueron llevados ante el Ministerio P\u00fablico.<\/p>\n","protected":false},"excerpt":{"rendered":"<p>Jessica Leal Escobedo, N. L- Un grupo de tres presuntos polleros dominicanos manten\u00edan en una casa&nbsp; de Escobedo, al norte de la zona metropolitana a diez migrantes procedentes de Ecuador. Los detenidos son de origen dominicano y ten\u00edan a&nbsp; seis hombres y cuatro mujeres en el interior de una casa de la colonia Praderas de [&hellip;]<\/p>\n","protected":false},"author":1,"featured_media":9424,"comment_status":"open","ping_status":"open","sticky":true,"template":"","format":"standard","meta":{"footnotes":""},"categories":[7],"tags":[],"_links":{"self":[{"href":"https:\/\/diariodigitalmx.com\/index.php\/wp-json\/wp\/v2\/posts\/9422"}],"collection":[{"href":"https:\/\/diariodigitalmx.com\/index.php\/wp-json\/wp\/v2\/posts"}],"about":[{"href":"https:\/\/diariodigitalmx.com\/index.php\/wp-json\/wp\/v2\/types\/post"}],"author":[{"embeddable":true,"href":"https:\/\/diariodigitalmx.com\/index.php\/wp-json\/wp\/v2\/users\/1"}],"replies":[{"embeddable":true,"href":"https:\/\/diariodigitalmx.com\/index.php\/wp-json\/wp\/v2\/comments?post=9422"}],"version-history":[{"count":4,"href":"https:\/\/diariodigitalmx.com\/index.php\/wp-json\/wp\/v2\/posts\/9422\/revisions"}],"predecessor-version":[{"id":9430,"href":"https:\/\/diariodigitalmx.com\/index.php\/wp-json\/wp\/v2\/posts\/9422\/revisions\/9430"}],"wp:featuredmedia":[{"embeddable":true,"href":"https:\/\/diariodigitalmx.com\/index.php\/wp-json\/wp\/v2\/media\/9424"}],"wp:attachment":[{"href":"https:\/\/diariodigitalmx.com\/index.php\/wp-json\/wp\/v2\/media?parent=9422"}],"wp:term":[{"taxonomy":"category","embeddable":true,"href":"https:\/\/diariodigitalmx.com\/index.php\/wp-json\/wp\/v2\/categories?post=9422"},{"taxonomy":"post_tag","embeddable":true,"href":"https:\/\/diariodigitalmx.com\/index.php\/wp-json\/wp\/v2\/tags?post=9422"}],"curies":[{"name":"wp","href":"https:\/\/api.w.org\/{rel}","templated":true}]}}