{"id":9467,"date":"2019-08-07T10:42:09","date_gmt":"2019-08-07T15:42:09","guid":{"rendered":"http:\/\/diariodigitalmx.com\/?p=9467"},"modified":"2019-08-07T10:42:41","modified_gmt":"2019-08-07T15:42:41","slug":"al-viejo-oeste-jalan-a-detenido-en-texas","status":"publish","type":"post","link":"https:\/\/diariodigitalmx.com\/index.php\/2019\/08\/07\/al-viejo-oeste-jalan-a-detenido-en-texas\/","title":{"rendered":"Al viejo oeste, jalan a detenido en Texas"},"content":{"rendered":"\n<p><strong>Texas.-<\/strong>&nbsp;La imagen de una persona detenida por autoridades de Galveston y amarrada con una soga caus\u00f3 indignaci\u00f3n en redes sociales.<\/p>\n\n\n\n<p>En la fotograf\u00eda se observa a dos polic\u00edas de Texas montando a caballo y jalando con una soga a una persona.<\/p>\n\n\n\n<p>Aunque la imagen fue publicada el pasado s\u00e1bado 3 de agosto, apenas se ha viralizado.<\/p>\n\n\n\n<p><strong>El Departamento de Polic\u00eda de Galveston<\/strong>&nbsp;a trav\u00e9s de un&nbsp;comunicado explica que el hombre fue arrestado de esa forma porque no se contaba con una unidad de transporte disponible, de acuerdo a medios de Estados Unidos.<\/p>\n\n\n\n<p>Agreg\u00f3 que esta es una t\u00e9cnica com\u00fan de la polic\u00eda montada y que se aplica bajo algunas circunstancias, aclarando que, en este caso, los agentes no tuvieron el juicio suficiente para actuar y reconoci\u00f3 que la pr\u00e1ctica no fue la m\u00e1s adecuada.<\/p>\n\n\n\n<p>De acuerdo a medios locales el detenido fue identificado como&nbsp;identificado como&nbsp;<strong>Donald Neely<\/strong>, de 43 a\u00f1os.<\/p>\n\n\n\n<figure class=\"wp-block-image\"><img loading=\"lazy\" decoding=\"async\" width=\"686\" height=\"1024\" src=\"http:\/\/diariodigitalmx.com\/wp-content\/uploads\/2019\/08\/Screenshot_20190807-1039292-686x1024.png\" alt=\"\" class=\"wp-image-9470\" srcset=\"https:\/\/diariodigitalmx.com\/wp-content\/uploads\/2019\/08\/Screenshot_20190807-1039292-686x1024.png 686w, https:\/\/diariodigitalmx.com\/wp-content\/uploads\/2019\/08\/Screenshot_20190807-1039292-201x300.png 201w, https:\/\/diariodigitalmx.com\/wp-content\/uploads\/2019\/08\/Screenshot_20190807-1039292-768x1146.png 768w, https:\/\/diariodigitalmx.com\/wp-content\/uploads\/2019\/08\/Screenshot_20190807-1039292.png 960w\" sizes=\"(max-width: 686px) 100vw, 686px\" \/><\/figure>\n","protected":false},"excerpt":{"rendered":"<p>Texas.-&nbsp;La imagen de una persona detenida por autoridades de Galveston y amarrada con una soga caus\u00f3 indignaci\u00f3n en redes sociales. En la fotograf\u00eda se observa a dos polic\u00edas de Texas montando a caballo y jalando con una soga a una persona. Aunque la imagen fue publicada el pasado s\u00e1bado 3 de agosto, apenas se ha [&hellip;]<\/p>\n","protected":false},"author":1,"featured_media":9469,"comment_status":"open","ping_status":"open","sticky":true,"template":"","format":"standard","meta":{"footnotes":""},"categories":[4],"tags":[],"_links":{"self":[{"href":"https:\/\/diariodigitalmx.com\/index.php\/wp-json\/wp\/v2\/posts\/9467"}],"collection":[{"href":"https:\/\/diariodigitalmx.com\/index.php\/wp-json\/wp\/v2\/posts"}],"about":[{"href":"https:\/\/diariodigitalmx.com\/index.php\/wp-json\/wp\/v2\/types\/post"}],"author":[{"embeddable":true,"href":"https:\/\/diariodigitalmx.com\/index.php\/wp-json\/wp\/v2\/users\/1"}],"replies":[{"embeddable":true,"href":"https:\/\/diariodigitalmx.com\/index.php\/wp-json\/wp\/v2\/comments?post=9467"}],"version-history":[{"count":2,"href":"https:\/\/diariodigitalmx.com\/index.php\/wp-json\/wp\/v2\/posts\/9467\/revisions"}],"predecessor-version":[{"id":9471,"href":"https:\/\/diariodigitalmx.com\/index.php\/wp-json\/wp\/v2\/posts\/9467\/revisions\/9471"}],"wp:featuredmedia":[{"embeddable":true,"href":"https:\/\/diariodigitalmx.com\/index.php\/wp-json\/wp\/v2\/media\/9469"}],"wp:attachment":[{"href":"https:\/\/diariodigitalmx.com\/index.php\/wp-json\/wp\/v2\/media?parent=9467"}],"wp:term":[{"taxonomy":"category","embeddable":true,"href":"https:\/\/diariodigitalmx.com\/index.php\/wp-json\/wp\/v2\/categories?post=9467"},{"taxonomy":"post_tag","embeddable":true,"href":"https:\/\/diariodigitalmx.com\/index.php\/wp-json\/wp\/v2\/tags?post=9467"}],"curies":[{"name":"wp","href":"https:\/\/api.w.org\/{rel}","templated":true}]}}