{"id":9474,"date":"2019-08-07T11:12:52","date_gmt":"2019-08-07T16:12:52","guid":{"rendered":"http:\/\/diariodigitalmx.com\/?p=9474"},"modified":"2019-08-07T11:16:14","modified_gmt":"2019-08-07T16:16:14","slug":"policia-borracho-y-uniformado-la-arma-con-su-macana-en-la-ecovia","status":"publish","type":"post","link":"https:\/\/diariodigitalmx.com\/index.php\/2019\/08\/07\/policia-borracho-y-uniformado-la-arma-con-su-macana-en-la-ecovia\/","title":{"rendered":"Polic\u00eda borracho y uniformado la arma con su macana en la Ecov\u00eda"},"content":{"rendered":"\n<p>Monterrey.- A trav\u00e9s de redes sociales comenz\u00f3 a circular un video donde usuarios de la Ecov\u00eda exhiben a un uniformado en estado de ebriedad.<br><\/p>\n\n\n\n<p>Los hechos se registraron el martes en la Estaci\u00f3n Asarco.<br><\/p>\n\n\n\n<p>De acuerdo a los testigos, el polic\u00eda sac\u00f3 una macana y comenz\u00f3 a pegarle a un se\u00f1or y al guardia de seguridad sin motivos.<br><\/p>\n\n\n\n<p>&#8220;Este pendejo que se supone que es polic\u00eda y est\u00e1 para servir, completamente ebrio, saca su macana y empieza a agredir a los que nos encontr\u00e1bamos esperando el Ecov\u00eda.<br><\/p>\n\n\n\n<p>&#8220;Principalmente a un pobre se\u00f1or que no ten\u00eda nada qu\u00e9 ver, s\u00f3lo porque lo vio primero&#8230; y todav\u00eda se avienta al Ecov\u00eda haciendo que se nos haga tarde a todos para llegar a nuestras casas&#8221;, comparti\u00f3 el denunciante en sus redes sociales.<br><\/p>\n\n\n\n<p>Por su parte el uniformado respondi\u00f3 a las acusaciones.<\/p>\n\n\n\n<p><br><\/p>\n\n\n\n<figure class=\"wp-block-image\"><img loading=\"lazy\" decoding=\"async\" width=\"720\" height=\"960\" src=\"http:\/\/diariodigitalmx.com\/wp-content\/uploads\/2019\/08\/FB_IMG_1565193611937.jpg\" alt=\"\" class=\"wp-image-9479\" srcset=\"https:\/\/diariodigitalmx.com\/wp-content\/uploads\/2019\/08\/FB_IMG_1565193611937.jpg 720w, https:\/\/diariodigitalmx.com\/wp-content\/uploads\/2019\/08\/FB_IMG_1565193611937-225x300.jpg 225w\" sizes=\"(max-width: 720px) 100vw, 720px\" \/><\/figure>\n\n\n\n<figure class=\"wp-block-image\"><img loading=\"lazy\" decoding=\"async\" width=\"709\" height=\"1024\" src=\"http:\/\/diariodigitalmx.com\/wp-content\/uploads\/2019\/08\/Screenshot_20190807-1052562-709x1024.png\" alt=\"\" class=\"wp-image-9481\" srcset=\"https:\/\/diariodigitalmx.com\/wp-content\/uploads\/2019\/08\/Screenshot_20190807-1052562-709x1024.png 709w, https:\/\/diariodigitalmx.com\/wp-content\/uploads\/2019\/08\/Screenshot_20190807-1052562-208x300.png 208w, https:\/\/diariodigitalmx.com\/wp-content\/uploads\/2019\/08\/Screenshot_20190807-1052562-768x1109.png 768w, https:\/\/diariodigitalmx.com\/wp-content\/uploads\/2019\/08\/Screenshot_20190807-1052562.png 930w\" sizes=\"(max-width: 709px) 100vw, 709px\" \/><\/figure>\n\n\n\n<p>&#8220;Yo no le hice nada, gr\u00e1bame, gr\u00e1bame. Yo no la estoy regando, la verdad. El vato me peg\u00f3, g\u00fcey, yo no le pegu\u00e9 a nadie, g\u00fcero&#8221;.<br><\/p>\n\n\n\n<p>El polic\u00eda, seg\u00fan los reportes, aparentemente subi\u00f3 a la unidad en estado de ebriedad, causando que el chofer del transporte detuviera la marcha para que lo bajaran.<br><\/p>\n\n\n\n<p>En la grabaci\u00f3n se puede ver al uniformado sentado en el pasillo que divide los asientos de la Ecov\u00eda mientras que el guardia de seguridad de la Estaci\u00f3n le pide que se baje.<br><\/p>\n\n\n\n<p>Los pasajeros mencionaron que la situaci\u00f3n hizo que demoraran en llegar a sus casas, pues la mayor\u00eda tiene que tomar otro transporte p\u00fablico para dirigirse a sus destinos.<\/p>\n\n\n\n<p><\/p>\n","protected":false},"excerpt":{"rendered":"<p>Monterrey.- A trav\u00e9s de redes sociales comenz\u00f3 a circular un video donde usuarios de la Ecov\u00eda exhiben a un uniformado en estado de ebriedad. Los hechos se registraron el martes en la Estaci\u00f3n Asarco. De acuerdo a los testigos, el polic\u00eda sac\u00f3 una macana y comenz\u00f3 a pegarle a un se\u00f1or y al guardia de [&hellip;]<\/p>\n","protected":false},"author":1,"featured_media":9476,"comment_status":"open","ping_status":"open","sticky":true,"template":"","format":"standard","meta":{"footnotes":""},"categories":[6],"tags":[],"_links":{"self":[{"href":"https:\/\/diariodigitalmx.com\/index.php\/wp-json\/wp\/v2\/posts\/9474"}],"collection":[{"href":"https:\/\/diariodigitalmx.com\/index.php\/wp-json\/wp\/v2\/posts"}],"about":[{"href":"https:\/\/diariodigitalmx.com\/index.php\/wp-json\/wp\/v2\/types\/post"}],"author":[{"embeddable":true,"href":"https:\/\/diariodigitalmx.com\/index.php\/wp-json\/wp\/v2\/users\/1"}],"replies":[{"embeddable":true,"href":"https:\/\/diariodigitalmx.com\/index.php\/wp-json\/wp\/v2\/comments?post=9474"}],"version-history":[{"count":4,"href":"https:\/\/diariodigitalmx.com\/index.php\/wp-json\/wp\/v2\/posts\/9474\/revisions"}],"predecessor-version":[{"id":9482,"href":"https:\/\/diariodigitalmx.com\/index.php\/wp-json\/wp\/v2\/posts\/9474\/revisions\/9482"}],"wp:featuredmedia":[{"embeddable":true,"href":"https:\/\/diariodigitalmx.com\/index.php\/wp-json\/wp\/v2\/media\/9476"}],"wp:attachment":[{"href":"https:\/\/diariodigitalmx.com\/index.php\/wp-json\/wp\/v2\/media?parent=9474"}],"wp:term":[{"taxonomy":"category","embeddable":true,"href":"https:\/\/diariodigitalmx.com\/index.php\/wp-json\/wp\/v2\/categories?post=9474"},{"taxonomy":"post_tag","embeddable":true,"href":"https:\/\/diariodigitalmx.com\/index.php\/wp-json\/wp\/v2\/tags?post=9474"}],"curies":[{"name":"wp","href":"https:\/\/api.w.org\/{rel}","templated":true}]}}