{"id":948,"date":"2019-03-07T17:05:27","date_gmt":"2019-03-07T23:05:27","guid":{"rendered":"http:\/\/diariodigitalmx.com\/?p=948"},"modified":"2019-03-07T17:05:29","modified_gmt":"2019-03-07T23:05:29","slug":"obligada-a-transparentarse-administracion-de-santiago-nl-firma-convenio-con-cotai","status":"publish","type":"post","link":"https:\/\/diariodigitalmx.com\/index.php\/2019\/03\/07\/obligada-a-transparentarse-administracion-de-santiago-nl-firma-convenio-con-cotai\/","title":{"rendered":"Obligada a transparentarse, administraci\u00f3n de Santiago, NL, firma convenio con COTAI"},"content":{"rendered":"\n<p><strong>Por redacci\u00f3n<\/strong><br><\/p>\n\n\n\n<p>Cuestionada, sobre todo en el rubro del medio ambiente al proteger una empresa pedrera, la alcald\u00eda del municipio de Santiago, tuvo que renovar un convenio con la Comisi\u00f3n de Transparencia y Acceso a la Informaci\u00f3n para ser transparente no solo en la rendici\u00f3n de cuentas.<\/p>\n\n\n\n<p>Santiago, \u201cPueblo M\u00e1gico\u201d a unos 20 kil\u00f3metros al sur de Monterrey, enfrenta problemas de contaminaci\u00f3n en la presa La Boca, y ahora en una \u00e1rea boscosa donde una empresa pedrera es denunciada por ecologistas y diputados, en tanto la alcald\u00eda y regidores emanados del PRI, hacen caso omiso de los llamados.<\/p>\n\n\n\n<p>El comisionado presidente, de la COTAI, Bernardo Sierra G\u00f3mez, encabez\u00f3 el evento de firma del convenio con el alcalde Javier Caballero Gaona; el secretario del Ayuntamiento, H\u00e9ctor Ch\u00e1varri de la Rosa, el Contralor Municipal, Fidel Ad\u00f3n Cu\u00e9llar Guti\u00e9rrez y el s\u00edndico segundo Jorge Alberto Flores e integrantes del Cabildo.<br><br>Sierra G\u00f3mez explic\u00f3 que el objetivo del convenio de colaboraci\u00f3n es que la Comisi\u00f3n y el municipio de Santiago trabajen de manera coordinada en materia de acceso a la informaci\u00f3n.<br><br><\/p>\n\n\n\n<p>El comisionado &nbsp;habl\u00f3 de<br> la promoci\u00f3n de la cultura de la transparencia, el acceso a la informaci\u00f3n, la protecci\u00f3n de datos personales, as\u00ed como la rendici\u00f3n de cuentas del municipio y de los servidores p\u00fablicos para que cumplan eficientemente con las obligaciones que derivan de la ley de transparencia.<br><br>Mediante el documento se formaliza &nbsp;el trabajo que ya anteriormente se viene realizando con el municipio.<br><br>El presidente municipal dice a su vez cumplir las obligaciones al respecto y acept\u00f3 que la firma del convenio es una obligaci\u00f3n de los gobiernos municipales de transparentar su &nbsp;informaci\u00f3n y compartirla con qui\u00e9n quiera tener acceso a ella.<\/p>\n","protected":false},"excerpt":{"rendered":"<p>Por redacci\u00f3n Cuestionada, sobre todo en el rubro del medio ambiente al proteger una empresa pedrera, la alcald\u00eda del municipio de Santiago, tuvo que renovar un convenio con la Comisi\u00f3n de Transparencia y Acceso a la Informaci\u00f3n para ser transparente no solo en la rendici\u00f3n de cuentas. Santiago, \u201cPueblo M\u00e1gico\u201d a unos 20 kil\u00f3metros al [&hellip;]<\/p>\n","protected":false},"author":1,"featured_media":949,"comment_status":"open","ping_status":"open","sticky":true,"template":"","format":"standard","meta":{"footnotes":""},"categories":[6,3],"tags":[],"_links":{"self":[{"href":"https:\/\/diariodigitalmx.com\/index.php\/wp-json\/wp\/v2\/posts\/948"}],"collection":[{"href":"https:\/\/diariodigitalmx.com\/index.php\/wp-json\/wp\/v2\/posts"}],"about":[{"href":"https:\/\/diariodigitalmx.com\/index.php\/wp-json\/wp\/v2\/types\/post"}],"author":[{"embeddable":true,"href":"https:\/\/diariodigitalmx.com\/index.php\/wp-json\/wp\/v2\/users\/1"}],"replies":[{"embeddable":true,"href":"https:\/\/diariodigitalmx.com\/index.php\/wp-json\/wp\/v2\/comments?post=948"}],"version-history":[{"count":1,"href":"https:\/\/diariodigitalmx.com\/index.php\/wp-json\/wp\/v2\/posts\/948\/revisions"}],"predecessor-version":[{"id":950,"href":"https:\/\/diariodigitalmx.com\/index.php\/wp-json\/wp\/v2\/posts\/948\/revisions\/950"}],"wp:featuredmedia":[{"embeddable":true,"href":"https:\/\/diariodigitalmx.com\/index.php\/wp-json\/wp\/v2\/media\/949"}],"wp:attachment":[{"href":"https:\/\/diariodigitalmx.com\/index.php\/wp-json\/wp\/v2\/media?parent=948"}],"wp:term":[{"taxonomy":"category","embeddable":true,"href":"https:\/\/diariodigitalmx.com\/index.php\/wp-json\/wp\/v2\/categories?post=948"},{"taxonomy":"post_tag","embeddable":true,"href":"https:\/\/diariodigitalmx.com\/index.php\/wp-json\/wp\/v2\/tags?post=948"}],"curies":[{"name":"wp","href":"https:\/\/api.w.org\/{rel}","templated":true}]}}