{"id":9495,"date":"2019-08-07T13:42:22","date_gmt":"2019-08-07T18:42:22","guid":{"rendered":"http:\/\/diariodigitalmx.com\/?p=9495"},"modified":"2019-08-07T13:42:23","modified_gmt":"2019-08-07T18:42:23","slug":"faltan-aulas-escolares-en-nl-buscara-rentar-el-bronco","status":"publish","type":"post","link":"https:\/\/diariodigitalmx.com\/index.php\/2019\/08\/07\/faltan-aulas-escolares-en-nl-buscara-rentar-el-bronco\/","title":{"rendered":"Faltan aulas escolares en NL; buscar\u00e1 rentar El Bronco"},"content":{"rendered":"\n<p>jessica Leal<\/p>\n\n\n\n<p>Monterrey, N. L.- &nbsp;Para el pr\u00f3ximo ciclo escolar habr\u00e1 unos 90\nmil alumnos nuevos en todos los niveles escolares, pero se tiene un d\u00e9ficit de\n600 aulas, reconoci\u00f3 el gobernador de Nuevo Le\u00f3n, Jaime Rodr\u00edguez Calder\u00f3n,\nquien atribuye el alza a las corrientes migratorias.<\/p>\n\n\n\n<p>De acuerdo a El Bronco, el Estado no\ntiene el recurso para satisfacer la demanda, por lo que buscar\u00e1 un sistema de\narrendamiento que le permita al gobierno ser propietario de las aulas en dos\na\u00f1os.<\/p>\n\n\n\n<p>Se trata de un incremento inusual en\nel n\u00famero de alumnos registrados para el ciclo escolar que arranca el 26 de\nagosto<\/p>\n\n\n\n<p>Actualmente se construyen 200 aulas\nprincipalmente en municipios perif\u00e9ricos, y se busca un esquema de\narrendamiento para disponer del resto este mismo a\u00f1o, dijo.<\/p>\n\n\n\n<p><br>\n&#8220;Estoy buscando la posibilidad de un sistema de arrendamiento, no tenemos\nahorita el recurso, pero lo podemos tener en los dos a\u00f1os que nos restan, para\npoder hacer un arrendamiento y las aulas ya quedar\u00edan en propiedad de la\nescuela&#8221;.<\/p>\n\n\n\n<p>Atribuy\u00f3 el crecimiento de la\npoblaci\u00f3n escolar a la migraci\u00f3n de familias de otras entidades. \u201cLa migraci\u00f3n\nnos ha tra\u00eddo mucha gente, no centroamericanos, de otros Estados, viene mucha\ngente de Zacatecas, de Michoac\u00e1n, curiosamente estamos teniendo mucha gente que\nviene de Tamaulipas, que es algo que no hab\u00edamos tenido, de Hidalgo, y las\nrazones son el desempleo que hay en sus zonas, o las oportunidades que la gente\nviene a buscar ac\u00e1&#8221;.<br>\n<br>\n<\/p>\n\n\n\n<p>El gobernador estuvo en el inicio de talleres\nsobre el nuevo modelo educativo federal, dirigido a inspectores y supervisores,\ndonde adelant\u00f3 que el pr\u00f3ximo ciclo habr\u00e1 alrededor de 90 mil alumnos nuevos en\ntodos los niveles, desde preescolar hasta profesional.<br>\n<br>\nSe comprometi\u00f3 a que todos los estudiantes tendr\u00e1n un lugar para iniciar\nclases, pero, dijo, es necesario aumentar la infraestructura para tener un\nservicio adecuado.<\/p>\n\n\n\n<p>En Nuevo Le\u00f3n son unos 50 mil\nmaestros y m\u00e1s de seis escuelas con poco m\u00e1s de un mill\u00f3n de estudiantes en el\nnivel educativo b\u00e1saico.<\/p>\n","protected":false},"excerpt":{"rendered":"<p>jessica Leal Monterrey, N. L.- &nbsp;Para el pr\u00f3ximo ciclo escolar habr\u00e1 unos 90 mil alumnos nuevos en todos los niveles escolares, pero se tiene un d\u00e9ficit de 600 aulas, reconoci\u00f3 el gobernador de Nuevo Le\u00f3n, Jaime Rodr\u00edguez Calder\u00f3n, quien atribuye el alza a las corrientes migratorias. De acuerdo a El Bronco, el Estado no tiene [&hellip;]<\/p>\n","protected":false},"author":1,"featured_media":9497,"comment_status":"open","ping_status":"open","sticky":true,"template":"","format":"standard","meta":{"footnotes":""},"categories":[6],"tags":[],"_links":{"self":[{"href":"https:\/\/diariodigitalmx.com\/index.php\/wp-json\/wp\/v2\/posts\/9495"}],"collection":[{"href":"https:\/\/diariodigitalmx.com\/index.php\/wp-json\/wp\/v2\/posts"}],"about":[{"href":"https:\/\/diariodigitalmx.com\/index.php\/wp-json\/wp\/v2\/types\/post"}],"author":[{"embeddable":true,"href":"https:\/\/diariodigitalmx.com\/index.php\/wp-json\/wp\/v2\/users\/1"}],"replies":[{"embeddable":true,"href":"https:\/\/diariodigitalmx.com\/index.php\/wp-json\/wp\/v2\/comments?post=9495"}],"version-history":[{"count":2,"href":"https:\/\/diariodigitalmx.com\/index.php\/wp-json\/wp\/v2\/posts\/9495\/revisions"}],"predecessor-version":[{"id":9498,"href":"https:\/\/diariodigitalmx.com\/index.php\/wp-json\/wp\/v2\/posts\/9495\/revisions\/9498"}],"wp:featuredmedia":[{"embeddable":true,"href":"https:\/\/diariodigitalmx.com\/index.php\/wp-json\/wp\/v2\/media\/9497"}],"wp:attachment":[{"href":"https:\/\/diariodigitalmx.com\/index.php\/wp-json\/wp\/v2\/media?parent=9495"}],"wp:term":[{"taxonomy":"category","embeddable":true,"href":"https:\/\/diariodigitalmx.com\/index.php\/wp-json\/wp\/v2\/categories?post=9495"},{"taxonomy":"post_tag","embeddable":true,"href":"https:\/\/diariodigitalmx.com\/index.php\/wp-json\/wp\/v2\/tags?post=9495"}],"curies":[{"name":"wp","href":"https:\/\/api.w.org\/{rel}","templated":true}]}}