{"id":9506,"date":"2019-08-07T14:02:03","date_gmt":"2019-08-07T19:02:03","guid":{"rendered":"http:\/\/diariodigitalmx.com\/?p=9506"},"modified":"2019-08-07T14:02:32","modified_gmt":"2019-08-07T19:02:32","slug":"el-mal-del-puerco-porque-nos-da","status":"publish","type":"post","link":"https:\/\/diariodigitalmx.com\/index.php\/2019\/08\/07\/el-mal-del-puerco-porque-nos-da\/","title":{"rendered":"El mal del puerco; porqu\u00e9 nos da"},"content":{"rendered":"\n<p>En algunas ocasiones las\npersonas pueden sentirse cansadas o tener dificultad para concentrase despu\u00e9s\nde la comida, lo cual es conocido coloquialmente como &#8220;El mal del\npuerco&#8221;.<\/p>\n\n\n\n<p>Por ello la doctora&nbsp;<strong>Hania Gonz\u00e1lez<\/strong>,\nenumera algunas de las razones por las que las personas se pueden sentir\ncansadas despu\u00e9s de comer y la manera de c\u00f3mo evitarlo.<\/p>\n\n\n\n<p>Los\ninvestigadores han encontrado que las personas se sienten cansadas luego de\ncomer carbohidratos en exceso, ya que se genera una gran cantidad de producci\u00f3n\nde insulina lo que se traduce en un baj\u00f3n brusco de los niveles de glucosa en\nla sangre.<\/p>\n\n\n\n<p>La Fundaci\u00f3n Americana del Sue\u00f1o, reporta que la gente tiene naturalmente un baj\u00f3n de energ\u00eda a las 02:00 horas y de nuevo a las 14:00 horas, lo que explica la tradici\u00f3n de tomar una siesta despu\u00e9s de la hora de la comida.<\/p>\n\n\n\n<figure class=\"wp-block-image\"><img loading=\"lazy\" decoding=\"async\" width=\"882\" height=\"1024\" src=\"http:\/\/diariodigitalmx.com\/wp-content\/uploads\/2019\/08\/mal_del_puerco-882x1024.jpg\" alt=\"\" class=\"wp-image-9509\" srcset=\"https:\/\/diariodigitalmx.com\/wp-content\/uploads\/2019\/08\/mal_del_puerco-882x1024.jpg 882w, https:\/\/diariodigitalmx.com\/wp-content\/uploads\/2019\/08\/mal_del_puerco-258x300.jpg 258w, https:\/\/diariodigitalmx.com\/wp-content\/uploads\/2019\/08\/mal_del_puerco-768x892.jpg 768w, https:\/\/diariodigitalmx.com\/wp-content\/uploads\/2019\/08\/mal_del_puerco.jpg 1024w\" sizes=\"(max-width: 882px) 100vw, 882px\" \/><\/figure>\n\n\n\n<p><strong>Para&nbsp;evitar\neste malestar&nbsp;es necesario seguir una serie de recomendaciones.<\/strong><\/p>\n\n\n\n<p><strong>Comer poco<\/strong>&nbsp;y con\nmenor frecuencia, en vez de hacer comidas abundantes, adem\u00e1s el incluir en tu\ndieta colaciones cada dos o tres horas, ayudar\u00e1 a mantener tus niveles de\nenerg\u00eda.<\/p>\n\n\n\n<p><strong>Una fruta<\/strong>&nbsp;o un\npu\u00f1ado de almendras deber\u00edan ser suficientes para evitar el baj\u00f3n de energ\u00eda.<\/p>\n\n\n\n<p><strong>Dormir\nlas horas adecuadas<\/strong>&nbsp;es totalmente necesario, ya que una\npersona que no duerme lo suficiente por la noche es menos propensa a tener un\nbaj\u00f3n de energ\u00eda despu\u00e9s de comer.<\/p>\n\n\n\n<p><strong>Evita consumir\nbebidas con cafe\u00edna<\/strong>, debido a que es un estimulante para el sistema\ny se recomienda solo dos o tres tazas de&nbsp;<strong>caf\u00e9<\/strong>.<\/p>\n\n\n\n<p>Est\u00e1\ncomprobado que un consumo moderado de&nbsp;<strong>cafe\u00edna<\/strong>&nbsp;puede\nayudar con la p\u00e9rdida de peso, mejorar la funci\u00f3n cognitiva y el estado de\nalerta.<\/p>\n\n\n\n<p>Por \u00faltimo, es importante\nrecalcar que, si aun haciendo estos cambios, la persona sigue experimentando\nmucho&nbsp;<strong>cansancio\ndespu\u00e9s de comer<\/strong>, debe consultar al&nbsp;<strong>m\u00e9dico<\/strong>&nbsp;para\ndescartar otros padecimientos.<\/p>\n","protected":false},"excerpt":{"rendered":"<p>En algunas ocasiones las personas pueden sentirse cansadas o tener dificultad para concentrase despu\u00e9s de la comida, lo cual es conocido coloquialmente como &#8220;El mal del puerco&#8221;. Por ello la doctora&nbsp;Hania Gonz\u00e1lez, enumera algunas de las razones por las que las personas se pueden sentir cansadas despu\u00e9s de comer y la manera de c\u00f3mo evitarlo. [&hellip;]<\/p>\n","protected":false},"author":1,"featured_media":9508,"comment_status":"open","ping_status":"open","sticky":true,"template":"","format":"standard","meta":{"footnotes":""},"categories":[2],"tags":[],"_links":{"self":[{"href":"https:\/\/diariodigitalmx.com\/index.php\/wp-json\/wp\/v2\/posts\/9506"}],"collection":[{"href":"https:\/\/diariodigitalmx.com\/index.php\/wp-json\/wp\/v2\/posts"}],"about":[{"href":"https:\/\/diariodigitalmx.com\/index.php\/wp-json\/wp\/v2\/types\/post"}],"author":[{"embeddable":true,"href":"https:\/\/diariodigitalmx.com\/index.php\/wp-json\/wp\/v2\/users\/1"}],"replies":[{"embeddable":true,"href":"https:\/\/diariodigitalmx.com\/index.php\/wp-json\/wp\/v2\/comments?post=9506"}],"version-history":[{"count":2,"href":"https:\/\/diariodigitalmx.com\/index.php\/wp-json\/wp\/v2\/posts\/9506\/revisions"}],"predecessor-version":[{"id":9510,"href":"https:\/\/diariodigitalmx.com\/index.php\/wp-json\/wp\/v2\/posts\/9506\/revisions\/9510"}],"wp:featuredmedia":[{"embeddable":true,"href":"https:\/\/diariodigitalmx.com\/index.php\/wp-json\/wp\/v2\/media\/9508"}],"wp:attachment":[{"href":"https:\/\/diariodigitalmx.com\/index.php\/wp-json\/wp\/v2\/media?parent=9506"}],"wp:term":[{"taxonomy":"category","embeddable":true,"href":"https:\/\/diariodigitalmx.com\/index.php\/wp-json\/wp\/v2\/categories?post=9506"},{"taxonomy":"post_tag","embeddable":true,"href":"https:\/\/diariodigitalmx.com\/index.php\/wp-json\/wp\/v2\/tags?post=9506"}],"curies":[{"name":"wp","href":"https:\/\/api.w.org\/{rel}","templated":true}]}}