{"id":95136,"date":"2023-03-23T18:57:36","date_gmt":"2023-03-24T00:57:36","guid":{"rendered":"http:\/\/diariodigitalmx.com\/?p=95136"},"modified":"2023-03-23T18:58:03","modified_gmt":"2023-03-24T00:58:03","slug":"se-lleno-el-zocalo-el-pais-no","status":"publish","type":"post","link":"https:\/\/diariodigitalmx.com\/index.php\/2023\/03\/23\/se-lleno-el-zocalo-el-pais-no\/","title":{"rendered":"Se llen\u00f3 el Z\u00f3calo; el Pa\u00eds no"},"content":{"rendered":"\n<p>Por Salvador Hern\u00e1ndez <strong><em>LANDEROS<\/em><\/strong><\/p>\n\n\n\n<p>\u00a1<strong><em>Ya chole<\/em><\/strong>!&#8230; Lo que se vio no se juzga. <strong><em>El emblem\u00e1tico Z\u00f3calo de M\u00e9xico se<\/em><\/strong><\/p>\n\n\n\n<p><strong><em>llen\u00f3 hasta el tope <\/em><\/strong>el pasado 18 de marzo y <strong><em>a\u00fan lo celebran y lo critican<\/em><\/strong>.<\/p>\n\n\n\n<p>A eso, <strong><em>L\u00f3pez Obrador le sigue sacando jugo<\/em><\/strong>. Con acarreados o no, se llen\u00f3. Y sus contrarios, <strong><em>los conservadores, andan alarmados y acalambrados<\/em><\/strong><\/p>\n\n\n\n<p><strong><em>Andr\u00e9s Manuel hace lo que sabe hacer, lo ha hecho siempre. Sabe usar los recursos.&nbsp; Como la difusi\u00f3n oficial y lo hace a diario en sus \u201cma\u00f1aneras\u201d.<\/em><\/strong><\/p>\n\n\n\n<p>El Z\u00f3calo se ha usado en todos los sexenios. <strong><em>Para dar ox\u00edgeno al presidente en turno<\/em><\/strong>, hayan sido del PRI o PAN, <strong><em>incluso en protestas, como las del 68.<\/em><\/strong><\/p>\n\n\n\n<p><strong><em>Eso no fue un triunfo del presidente<\/em><\/strong>. Aprovech\u00f3 el momento para decir lo que se le vino en gana. <strong><em>A \u00e9l le gusta la \u201cmadereada\u201d y eso lo envalentona<\/em><\/strong>.<\/p>\n\n\n\n<p>Lo del 18 de marzo ya pas\u00f3, <strong><em>a darle vuelta a la p\u00e1gina<\/em><\/strong>.&nbsp; El Z\u00f3calo se llen\u00f3 y ya pas\u00f3, como ha pasado en otras ocasiones. <strong><em>No hace mella y no debe dar \u201cmello\u201d.<\/em><\/strong><\/p>\n\n\n\n<p>Hay tres fechas en que se llena el Z\u00f3calo y se replican en todo el Pa\u00eds. <strong><em>El 15 de septiembre, el 8 de marzo y 26 de febrero.&nbsp; El Grito, D\u00eda de la Mujer y el INE<\/em><\/strong>.<\/p>\n\n\n\n<p><strong><em>Cuando AMLO llene el Z\u00f3calo y se replique en el Pa\u00eds, por fervor patrio, respeto a la mujer y la democracia, estaremos frente a un estadista de verdad.<\/em><\/strong><\/p>\n\n\n\n<p>Ahora que, sin confundir las paridas con las pre\u00f1adas, <strong><em>en M\u00e9xico hay una fecha muy especial que cualquier presidente o estadista, ya la quisiera para \u00e9l<\/em><\/strong>.<\/p>\n\n\n\n<p>El 12 de Guadalupe, en la explanada de la Bas\u00edlica, como en todas las parroquias del Pa\u00eds, <strong><em>se congregan los mexicanos para honrar a la Virgen de Guadalupe<\/em><\/strong>.<\/p>\n\n\n\n<p><strong><em>Y no s\u00f3lo ese d\u00eda. <\/em><\/strong>Durante 12 d\u00edas antes de la fecha, hay miles de peregrinos que van a manifestar su FE. <strong><em>En la historia, ning\u00fan presidente ha logrado eso<\/em><\/strong>.<\/p>\n\n\n\n<p><strong><em>As\u00ed que \u00a1Ya chole! con eso de que L\u00f3pez Obrador llen\u00f3 el Z\u00f3calo\u2026<\/em><\/strong><\/p>\n\n\n\n<p><a href=\"mailto:chavalolanderos@yahoo.com.mx\">chavalolanderos@yahoo.com.mx<\/a><\/p>\n","protected":false},"excerpt":{"rendered":"<p>Por Salvador Hern\u00e1ndez LANDEROS \u00a1Ya chole!&#8230; Lo que se vio no se juzga. El emblem\u00e1tico Z\u00f3calo de M\u00e9xico se llen\u00f3 hasta el tope el pasado 18 de marzo y a\u00fan lo celebran y lo critican. A eso, L\u00f3pez Obrador le sigue sacando jugo. Con acarreados o no, se llen\u00f3. Y sus contrarios, los conservadores, andan [&hellip;]<\/p>\n","protected":false},"author":1,"featured_media":95073,"comment_status":"open","ping_status":"open","sticky":true,"template":"","format":"standard","meta":{"footnotes":""},"categories":[14,12],"tags":[],"_links":{"self":[{"href":"https:\/\/diariodigitalmx.com\/index.php\/wp-json\/wp\/v2\/posts\/95136"}],"collection":[{"href":"https:\/\/diariodigitalmx.com\/index.php\/wp-json\/wp\/v2\/posts"}],"about":[{"href":"https:\/\/diariodigitalmx.com\/index.php\/wp-json\/wp\/v2\/types\/post"}],"author":[{"embeddable":true,"href":"https:\/\/diariodigitalmx.com\/index.php\/wp-json\/wp\/v2\/users\/1"}],"replies":[{"embeddable":true,"href":"https:\/\/diariodigitalmx.com\/index.php\/wp-json\/wp\/v2\/comments?post=95136"}],"version-history":[{"count":1,"href":"https:\/\/diariodigitalmx.com\/index.php\/wp-json\/wp\/v2\/posts\/95136\/revisions"}],"predecessor-version":[{"id":95137,"href":"https:\/\/diariodigitalmx.com\/index.php\/wp-json\/wp\/v2\/posts\/95136\/revisions\/95137"}],"wp:featuredmedia":[{"embeddable":true,"href":"https:\/\/diariodigitalmx.com\/index.php\/wp-json\/wp\/v2\/media\/95073"}],"wp:attachment":[{"href":"https:\/\/diariodigitalmx.com\/index.php\/wp-json\/wp\/v2\/media?parent=95136"}],"wp:term":[{"taxonomy":"category","embeddable":true,"href":"https:\/\/diariodigitalmx.com\/index.php\/wp-json\/wp\/v2\/categories?post=95136"},{"taxonomy":"post_tag","embeddable":true,"href":"https:\/\/diariodigitalmx.com\/index.php\/wp-json\/wp\/v2\/tags?post=95136"}],"curies":[{"name":"wp","href":"https:\/\/api.w.org\/{rel}","templated":true}]}}