{"id":9563,"date":"2019-08-09T11:45:28","date_gmt":"2019-08-09T16:45:28","guid":{"rendered":"http:\/\/diariodigitalmx.com\/?p=9563"},"modified":"2019-08-09T11:45:55","modified_gmt":"2019-08-09T16:45:55","slug":"choca-la-firma","status":"publish","type":"post","link":"https:\/\/diariodigitalmx.com\/index.php\/2019\/08\/09\/choca-la-firma\/","title":{"rendered":"Choca La Firma"},"content":{"rendered":"\n<p>Jessica Leal<\/p>\n\n\n\n<p>Monterrey, N. L- El autob\u00fas en que viajaba en Grupo La Firma choc\u00f3 contra un veh\u00edculo de carga y posteriormente se sali\u00f3 de la carretera, pero los m\u00fasicos est\u00e1n ilesos, seg\u00fan informaron.<br><\/p>\n\n\n\n<p>&#8220;Aproximadamente a las 6 a.m. tuvimos un accidente en la Carretera Monterrey &#8211; Monclova.<br><\/p>\n\n\n\n<p>&#8220;El aviso es para hacer saber que estamos todos bien, para avisar a nuestra familia y amigos que estamos bien, pero en ese tramo no hay se\u00f1al (de celular). Nos comunicaremos en cuanto tengamos se\u00f1al&#8221;, explicaron a trav\u00e9s de redes sociales.<\/p>\n\n\n\n<p><br><\/p>\n\n\n\n<figure class=\"wp-block-image\"><img loading=\"lazy\" decoding=\"async\" width=\"660\" height=\"440\" src=\"http:\/\/diariodigitalmx.com\/wp-content\/uploads\/2019\/08\/8195844.jpg\" alt=\"\" class=\"wp-image-9566\" srcset=\"https:\/\/diariodigitalmx.com\/wp-content\/uploads\/2019\/08\/8195844.jpg 660w, https:\/\/diariodigitalmx.com\/wp-content\/uploads\/2019\/08\/8195844-300x200.jpg 300w\" sizes=\"(max-width: 660px) 100vw, 660px\" \/><\/figure>\n\n\n\n<p>Protecci\u00f3n Civil confirm\u00f3 que el accidente&nbsp; se registr\u00f3 en el kil\u00f3metro 80, en el municipio de Mina a unos 30 kil\u00f3metros al norte de Monterrey.<br><\/p>\n\n\n\n<p>En el autob\u00fas viajaban un total de 12 personas, quienes fueron atendidas en el lugar, pero no requirieron de ser hospitalizadas.<br><\/p>\n\n\n\n<p>Salvo los da\u00f1os materiales no hubo personas lesionadas.<\/p>\n\n\n\n<p><\/p>\n","protected":false},"excerpt":{"rendered":"<p>Jessica Leal Monterrey, N. L- El autob\u00fas en que viajaba en Grupo La Firma choc\u00f3 contra un veh\u00edculo de carga y posteriormente se sali\u00f3 de la carretera, pero los m\u00fasicos est\u00e1n ilesos, seg\u00fan informaron. &#8220;Aproximadamente a las 6 a.m. tuvimos un accidente en la Carretera Monterrey &#8211; Monclova. &#8220;El aviso es para hacer saber que [&hellip;]<\/p>\n","protected":false},"author":1,"featured_media":9565,"comment_status":"open","ping_status":"open","sticky":true,"template":"","format":"standard","meta":{"footnotes":""},"categories":[7],"tags":[],"_links":{"self":[{"href":"https:\/\/diariodigitalmx.com\/index.php\/wp-json\/wp\/v2\/posts\/9563"}],"collection":[{"href":"https:\/\/diariodigitalmx.com\/index.php\/wp-json\/wp\/v2\/posts"}],"about":[{"href":"https:\/\/diariodigitalmx.com\/index.php\/wp-json\/wp\/v2\/types\/post"}],"author":[{"embeddable":true,"href":"https:\/\/diariodigitalmx.com\/index.php\/wp-json\/wp\/v2\/users\/1"}],"replies":[{"embeddable":true,"href":"https:\/\/diariodigitalmx.com\/index.php\/wp-json\/wp\/v2\/comments?post=9563"}],"version-history":[{"count":2,"href":"https:\/\/diariodigitalmx.com\/index.php\/wp-json\/wp\/v2\/posts\/9563\/revisions"}],"predecessor-version":[{"id":9567,"href":"https:\/\/diariodigitalmx.com\/index.php\/wp-json\/wp\/v2\/posts\/9563\/revisions\/9567"}],"wp:featuredmedia":[{"embeddable":true,"href":"https:\/\/diariodigitalmx.com\/index.php\/wp-json\/wp\/v2\/media\/9565"}],"wp:attachment":[{"href":"https:\/\/diariodigitalmx.com\/index.php\/wp-json\/wp\/v2\/media?parent=9563"}],"wp:term":[{"taxonomy":"category","embeddable":true,"href":"https:\/\/diariodigitalmx.com\/index.php\/wp-json\/wp\/v2\/categories?post=9563"},{"taxonomy":"post_tag","embeddable":true,"href":"https:\/\/diariodigitalmx.com\/index.php\/wp-json\/wp\/v2\/tags?post=9563"}],"curies":[{"name":"wp","href":"https:\/\/api.w.org\/{rel}","templated":true}]}}