{"id":9625,"date":"2019-08-10T21:13:21","date_gmt":"2019-08-11T02:13:21","guid":{"rendered":"http:\/\/diariodigitalmx.com\/?p=9625"},"modified":"2019-08-10T21:20:48","modified_gmt":"2019-08-11T02:20:48","slug":"en-apodaca-las-brigadas-de-las-asociaciones-vecinales-de-la-froc-servicio-social-y-esparcimiento","status":"publish","type":"post","link":"https:\/\/diariodigitalmx.com\/index.php\/2019\/08\/10\/en-apodaca-las-brigadas-de-las-asociaciones-vecinales-de-la-froc-servicio-social-y-esparcimiento\/","title":{"rendered":"En Apodaca las brigadas de las Asociaciones Vecinales de la FROC; servicio social y esparcimiento"},"content":{"rendered":"\n<p>David Casas<\/p>\n\n\n\n<p>Monterrey, N. L- Las brigadas m\u00e9dico asistenciales de las Asociaciones Vecinales de Nuevo Le\u00f3n hicieron presencia en&nbsp; la colonia Prados del Virrey en el municipio de Apodaca.<br><\/p>\n\n\n\n<p>Ah\u00ed se nombr\u00f3 como coordinadora vecinal a la se\u00f1ora Gesabel Rodr\u00edguez, qui\u00e9n es ahora el enlace con la oficina central de las Asociaciones Vecinales que preside Osvaldo Serna Serv\u00edn.<\/p>\n\n\n\n<p><br><\/p>\n\n\n\n<figure class=\"wp-block-image\"><img loading=\"lazy\" decoding=\"async\" width=\"1024\" height=\"768\" src=\"http:\/\/diariodigitalmx.com\/wp-content\/uploads\/2019\/08\/IMG-20190810-WA0007-1024x768.jpg\" alt=\"\" class=\"wp-image-9629\" srcset=\"https:\/\/diariodigitalmx.com\/wp-content\/uploads\/2019\/08\/IMG-20190810-WA0007-1024x768.jpg 1024w, https:\/\/diariodigitalmx.com\/wp-content\/uploads\/2019\/08\/IMG-20190810-WA0007-300x225.jpg 300w, https:\/\/diariodigitalmx.com\/wp-content\/uploads\/2019\/08\/IMG-20190810-WA0007-768x576.jpg 768w, https:\/\/diariodigitalmx.com\/wp-content\/uploads\/2019\/08\/IMG-20190810-WA0007.jpg 1152w\" sizes=\"(max-width: 1024px) 100vw, 1024px\" \/><\/figure>\n\n\n\n<p>El equipo que conforma las brigadas cumpli\u00f3 una vez m\u00e1s con la responsabilidad social de las Asociaciones Vecinales, organismo ciudadano que sale semanalmente desde hace casi dos a\u00f1os a interactuar con las familias y encontrar juntos soluciones a los problemas sociales.<\/p>\n\n\n\n<p><br><\/p>\n\n\n\n<figure class=\"wp-block-image\"><img loading=\"lazy\" decoding=\"async\" width=\"768\" height=\"1024\" src=\"http:\/\/diariodigitalmx.com\/wp-content\/uploads\/2019\/08\/IMG-20190810-WA0004-768x1024.jpg\" alt=\"\" class=\"wp-image-9632\" srcset=\"https:\/\/diariodigitalmx.com\/wp-content\/uploads\/2019\/08\/IMG-20190810-WA0004-768x1024.jpg 768w, https:\/\/diariodigitalmx.com\/wp-content\/uploads\/2019\/08\/IMG-20190810-WA0004-225x300.jpg 225w, https:\/\/diariodigitalmx.com\/wp-content\/uploads\/2019\/08\/IMG-20190810-WA0004.jpg 864w\" sizes=\"(max-width: 768px) 100vw, 768px\" \/><\/figure>\n\n\n\n<p>Cuando esos problemas van m\u00e1s all\u00e1 y requieren de la autoridad, entonces la organizaci\u00f3n realiza las gestiones necesarias ante las instancias correspondientes, explica Osvaldo Serna quien tambi\u00e9n es secretario general de la Federaci\u00f3n Estatal de Sindicatos de Trabajadores del Autotransporte (FESTA) organizaci\u00f3n de la Federaci\u00f3n Revolucionaria de Obreros y Campesinos (FROC) que encabeza Alberto Serna de Le\u00f3n.<\/p>\n\n\n\n<p><br><\/p>\n\n\n\n<figure class=\"wp-block-image\"><img loading=\"lazy\" decoding=\"async\" width=\"720\" height=\"960\" src=\"http:\/\/diariodigitalmx.com\/wp-content\/uploads\/2019\/08\/FB_IMG_1565488696946.jpg\" alt=\"\" class=\"wp-image-9643\" srcset=\"https:\/\/diariodigitalmx.com\/wp-content\/uploads\/2019\/08\/FB_IMG_1565488696946.jpg 720w, https:\/\/diariodigitalmx.com\/wp-content\/uploads\/2019\/08\/FB_IMG_1565488696946-225x300.jpg 225w\" sizes=\"(max-width: 720px) 100vw, 720px\" \/><\/figure>\n\n\n\n<p>Durante el evento se hicieron entrega de \u00fatiles escolares a las familias con hijos en el sistema educativo b\u00e1sico y de agradeci\u00f3 por parte de Serna Serv\u00edn el apoyo al alcalde de Apodaca, C\u00e9sar Garza, con quien se establece una relaci\u00f3n de trabajo de mutuo respeto.<\/p>\n\n\n\n<p><br><\/p>\n\n\n\n<figure class=\"wp-block-image\"><img loading=\"lazy\" decoding=\"async\" width=\"1024\" height=\"768\" src=\"http:\/\/diariodigitalmx.com\/wp-content\/uploads\/2019\/08\/IMG-20190810-WA0013-1024x768.jpg\" alt=\"\" class=\"wp-image-9635\" srcset=\"https:\/\/diariodigitalmx.com\/wp-content\/uploads\/2019\/08\/IMG-20190810-WA0013-1024x768.jpg 1024w, https:\/\/diariodigitalmx.com\/wp-content\/uploads\/2019\/08\/IMG-20190810-WA0013-300x225.jpg 300w, https:\/\/diariodigitalmx.com\/wp-content\/uploads\/2019\/08\/IMG-20190810-WA0013-768x576.jpg 768w, https:\/\/diariodigitalmx.com\/wp-content\/uploads\/2019\/08\/IMG-20190810-WA0013.jpg 1152w\" sizes=\"(max-width: 1024px) 100vw, 1024px\" \/><\/figure>\n\n\n\n<p>La log\u00edstica estuvo a cargo de las licenciadas Alejandra Alonso y Vanessa Esquivel quienes aportaron su creatividad para imprimir un sello de dinamismo al evento. Tambi\u00e9n se cont\u00f3 con la presencia y el apoyo del regidor Rub\u00e9n Basaldua.<br><\/p>\n\n\n\n<p>La representaci\u00f3n de Alberto Serna de Le\u00f3n, l\u00edder de la CROC de Nuevo y estuvo a cargo de Ramiro Vargas qui\u00e9n inform\u00f3 a las cientos de familias de los m\u00faltiples beneficios que ofrece la FROC como son la educaci\u00f3n preparatoria y universitaria en el Instituto Universitario Tecnol\u00f3gico de los Trabajadores (IUTT) y las asesor\u00edas legales&nbsp; en Infonavit, IMSS y otros rubros.<\/p>\n\n\n\n<p><br><\/p>\n\n\n\n<figure class=\"wp-block-image\"><img loading=\"lazy\" decoding=\"async\" width=\"960\" height=\"720\" src=\"http:\/\/diariodigitalmx.com\/wp-content\/uploads\/2019\/08\/FB_IMG_1565488683241.jpg\" alt=\"\" class=\"wp-image-9638\" srcset=\"https:\/\/diariodigitalmx.com\/wp-content\/uploads\/2019\/08\/FB_IMG_1565488683241.jpg 960w, https:\/\/diariodigitalmx.com\/wp-content\/uploads\/2019\/08\/FB_IMG_1565488683241-300x225.jpg 300w, https:\/\/diariodigitalmx.com\/wp-content\/uploads\/2019\/08\/FB_IMG_1565488683241-768x576.jpg 768w\" sizes=\"(max-width: 960px) 100vw, 960px\" \/><\/figure>\n\n\n\n<p>Las brigadas integradas por estilistas, dentistas, m\u00e9dicos generales, pod\u00f3logo y abogados entre otros servidores son bien recibidas y se agradeci\u00f3 la labor que realizan.<\/p>\n\n\n\n<p><br><\/p>\n\n\n\n<figure class=\"wp-block-image\"><img loading=\"lazy\" decoding=\"async\" width=\"720\" height=\"960\" src=\"http:\/\/diariodigitalmx.com\/wp-content\/uploads\/2019\/08\/FB_IMG_1565488743311.jpg\" alt=\"\" class=\"wp-image-9640\" srcset=\"https:\/\/diariodigitalmx.com\/wp-content\/uploads\/2019\/08\/FB_IMG_1565488743311.jpg 720w, https:\/\/diariodigitalmx.com\/wp-content\/uploads\/2019\/08\/FB_IMG_1565488743311-225x300.jpg 225w\" sizes=\"(max-width: 720px) 100vw, 720px\" \/><\/figure>\n\n\n\n<p>La tradicional loter\u00eda mexicana, un signo de convivencia que permite tambi\u00e9n que las familias obtengan un detalle y un premio, es imprescindible en cada brigada.<\/p>\n\n\n\n<p><\/p>\n\n\n\n<ul class=\"wp-block-gallery columns-1 is-cropped wp-block-gallery-1 is-layout-flex wp-block-gallery-is-layout-flex\"><li class=\"blocks-gallery-item\"><figure><img loading=\"lazy\" decoding=\"async\" width=\"720\" height=\"960\" src=\"http:\/\/diariodigitalmx.com\/wp-content\/uploads\/2019\/08\/FB_IMG_1565488706427.jpg\" alt=\"\" data-id=\"9646\" data-link=\"http:\/\/diariodigitalmx.com\/index.php\/2019\/08\/10\/en-apodaca-las-brigadas-de-las-asociaciones-vecinales-de-la-froc-servicio-social-y-esparcimiento\/fb_img_1565488706427\/\" class=\"wp-image-9646\" srcset=\"https:\/\/diariodigitalmx.com\/wp-content\/uploads\/2019\/08\/FB_IMG_1565488706427.jpg 720w, https:\/\/diariodigitalmx.com\/wp-content\/uploads\/2019\/08\/FB_IMG_1565488706427-225x300.jpg 225w\" sizes=\"(max-width: 720px) 100vw, 720px\" \/><\/figure><\/li><\/ul>\n\n\n\n<ul class=\"wp-block-gallery columns-1 is-cropped wp-block-gallery-2 is-layout-flex wp-block-gallery-is-layout-flex\"><li class=\"blocks-gallery-item\"><figure><img loading=\"lazy\" decoding=\"async\" width=\"720\" height=\"960\" src=\"http:\/\/diariodigitalmx.com\/wp-content\/uploads\/2019\/08\/FB_IMG_1565488721072.jpg\" alt=\"\" data-id=\"9649\" data-link=\"http:\/\/diariodigitalmx.com\/index.php\/2019\/08\/10\/en-apodaca-las-brigadas-de-las-asociaciones-vecinales-de-la-froc-servicio-social-y-esparcimiento\/fb_img_1565488721072\/\" class=\"wp-image-9649\" srcset=\"https:\/\/diariodigitalmx.com\/wp-content\/uploads\/2019\/08\/FB_IMG_1565488721072.jpg 720w, https:\/\/diariodigitalmx.com\/wp-content\/uploads\/2019\/08\/FB_IMG_1565488721072-225x300.jpg 225w\" sizes=\"(max-width: 720px) 100vw, 720px\" \/><\/figure><\/li><\/ul>\n\n\n\n<ul class=\"wp-block-gallery columns-1 is-cropped wp-block-gallery-3 is-layout-flex wp-block-gallery-is-layout-flex\"><li class=\"blocks-gallery-item\"><figure><img loading=\"lazy\" decoding=\"async\" width=\"960\" height=\"720\" src=\"http:\/\/diariodigitalmx.com\/wp-content\/uploads\/2019\/08\/FB_IMG_1565488734538.jpg\" alt=\"\" data-id=\"9651\" data-link=\"http:\/\/diariodigitalmx.com\/index.php\/2019\/08\/10\/en-apodaca-las-brigadas-de-las-asociaciones-vecinales-de-la-froc-servicio-social-y-esparcimiento\/fb_img_1565488734538\/\" class=\"wp-image-9651\" srcset=\"https:\/\/diariodigitalmx.com\/wp-content\/uploads\/2019\/08\/FB_IMG_1565488734538.jpg 960w, https:\/\/diariodigitalmx.com\/wp-content\/uploads\/2019\/08\/FB_IMG_1565488734538-300x225.jpg 300w, https:\/\/diariodigitalmx.com\/wp-content\/uploads\/2019\/08\/FB_IMG_1565488734538-768x576.jpg 768w\" sizes=\"(max-width: 960px) 100vw, 960px\" \/><\/figure><\/li><\/ul>\n","protected":false},"excerpt":{"rendered":"<p>David Casas Monterrey, N. L- Las brigadas m\u00e9dico asistenciales de las Asociaciones Vecinales de Nuevo Le\u00f3n hicieron presencia en&nbsp; la colonia Prados del Virrey en el municipio de Apodaca. Ah\u00ed se nombr\u00f3 como coordinadora vecinal a la se\u00f1ora Gesabel Rodr\u00edguez, qui\u00e9n es ahora el enlace con la oficina central de las Asociaciones Vecinales que preside [&hellip;]<\/p>\n","protected":false},"author":1,"featured_media":9627,"comment_status":"open","ping_status":"open","sticky":true,"template":"","format":"standard","meta":{"footnotes":""},"categories":[6],"tags":[],"_links":{"self":[{"href":"https:\/\/diariodigitalmx.com\/index.php\/wp-json\/wp\/v2\/posts\/9625"}],"collection":[{"href":"https:\/\/diariodigitalmx.com\/index.php\/wp-json\/wp\/v2\/posts"}],"about":[{"href":"https:\/\/diariodigitalmx.com\/index.php\/wp-json\/wp\/v2\/types\/post"}],"author":[{"embeddable":true,"href":"https:\/\/diariodigitalmx.com\/index.php\/wp-json\/wp\/v2\/users\/1"}],"replies":[{"embeddable":true,"href":"https:\/\/diariodigitalmx.com\/index.php\/wp-json\/wp\/v2\/comments?post=9625"}],"version-history":[{"count":11,"href":"https:\/\/diariodigitalmx.com\/index.php\/wp-json\/wp\/v2\/posts\/9625\/revisions"}],"predecessor-version":[{"id":9654,"href":"https:\/\/diariodigitalmx.com\/index.php\/wp-json\/wp\/v2\/posts\/9625\/revisions\/9654"}],"wp:featuredmedia":[{"embeddable":true,"href":"https:\/\/diariodigitalmx.com\/index.php\/wp-json\/wp\/v2\/media\/9627"}],"wp:attachment":[{"href":"https:\/\/diariodigitalmx.com\/index.php\/wp-json\/wp\/v2\/media?parent=9625"}],"wp:term":[{"taxonomy":"category","embeddable":true,"href":"https:\/\/diariodigitalmx.com\/index.php\/wp-json\/wp\/v2\/categories?post=9625"},{"taxonomy":"post_tag","embeddable":true,"href":"https:\/\/diariodigitalmx.com\/index.php\/wp-json\/wp\/v2\/tags?post=9625"}],"curies":[{"name":"wp","href":"https:\/\/api.w.org\/{rel}","templated":true}]}}