{"id":963,"date":"2019-03-08T12:59:49","date_gmt":"2019-03-08T18:59:49","guid":{"rendered":"http:\/\/diariodigitalmx.com\/?p=963"},"modified":"2019-03-08T12:59:50","modified_gmt":"2019-03-08T18:59:50","slug":"fallida-la-estrategia-de-seguridad-en-n-l-acepta-el-gobierno","status":"publish","type":"post","link":"https:\/\/diariodigitalmx.com\/index.php\/2019\/03\/08\/fallida-la-estrategia-de-seguridad-en-n-l-acepta-el-gobierno\/","title":{"rendered":"Fallida la estrategia de seguridad en N L, acepta el Gobierno"},"content":{"rendered":"\n<p><strong>David Casas<\/strong><br><\/p>\n\n\n\n<p> El gobierno estatal de Jaime Rodr\u00edguez Calder\u00f3n revel\u00f3 que ha fallado el operativo de seguridad y ahora ir\u00e1 por un ajuste en el mismo.<br><\/p>\n\n\n\n<p>De acuerdo al secretario de Seguridad, Aldo Fasci, se enfrentan a criminales de alta peligrosidad y eso no es cosa f\u00e1cil.<br><\/p>\n\n\n\n<p>&#8220;Estamos enfrentando criminales de alta peligrosidad, con un perfil antisocial muy marcado y con alto grado de inteligencia y log\u00edstica, no es cualquier cosa, y por lo tanto tenemos que hacer ajustes\u201d.<br><\/p>\n\n\n\n<p>Como seres humanos y como servidores p\u00fablicos se ha fallado, acepta el funcionario.<\/p>\n\n\n\n<p><br>&#8220;Tenemos que reconocer, como seres humanos y como servidores p\u00fablicos, que en materia de homicidios tenemos que hacer ajustes importantes al Operativo Metropolitano&#8221;.<br><\/p>\n\n\n\n<p>El Operativo Metropolitano de Seguridad no ha dado los resultados esperados, por lo que el Gobierno estatal &nbsp;ajustar\u00e1 el modelo en los pr\u00f3ximos d\u00edas.<br><br>Sin embargo, &nbsp;la coordinaci\u00f3n la mantendr\u00e1 el Ej\u00e9rcito, pero todas las dependencias y corporaciones involucradas acordar\u00e1n nuevos mecanismos para enfrentar a la delincuencia.<br><br>En lo que va del a\u00f1o se han registrado 210 homicidios mientras los robos tambi\u00e9n han subido de acuerdo a las estad\u00edsticas y denuncias ciudadanas.<br><\/p>\n\n\n\n<p>En este mismo a\u00f1o el gobierno de Nuevo Le\u00f3n anunci\u00f3 una coordinaci\u00f3n de seguridad encabezada por un mando del Ej\u00e9rcito, pero ahora el titular de Seguridad dice que se ha fallado en el operativo.<br><\/p>\n\n\n\n<p>&#8220;Ese es el motivo, no nada m\u00e1s que los n\u00fameros est\u00e1n mal&#8221;, exclama.<\/p>\n","protected":false},"excerpt":{"rendered":"<p>David Casas El gobierno estatal de Jaime Rodr\u00edguez Calder\u00f3n revel\u00f3 que ha fallado el operativo de seguridad y ahora ir\u00e1 por un ajuste en el mismo. De acuerdo al secretario de Seguridad, Aldo Fasci, se enfrentan a criminales de alta peligrosidad y eso no es cosa f\u00e1cil. &#8220;Estamos enfrentando criminales de alta peligrosidad, con un [&hellip;]<\/p>\n","protected":false},"author":1,"featured_media":964,"comment_status":"open","ping_status":"open","sticky":true,"template":"","format":"standard","meta":{"footnotes":""},"categories":[6,3],"tags":[],"_links":{"self":[{"href":"https:\/\/diariodigitalmx.com\/index.php\/wp-json\/wp\/v2\/posts\/963"}],"collection":[{"href":"https:\/\/diariodigitalmx.com\/index.php\/wp-json\/wp\/v2\/posts"}],"about":[{"href":"https:\/\/diariodigitalmx.com\/index.php\/wp-json\/wp\/v2\/types\/post"}],"author":[{"embeddable":true,"href":"https:\/\/diariodigitalmx.com\/index.php\/wp-json\/wp\/v2\/users\/1"}],"replies":[{"embeddable":true,"href":"https:\/\/diariodigitalmx.com\/index.php\/wp-json\/wp\/v2\/comments?post=963"}],"version-history":[{"count":1,"href":"https:\/\/diariodigitalmx.com\/index.php\/wp-json\/wp\/v2\/posts\/963\/revisions"}],"predecessor-version":[{"id":965,"href":"https:\/\/diariodigitalmx.com\/index.php\/wp-json\/wp\/v2\/posts\/963\/revisions\/965"}],"wp:featuredmedia":[{"embeddable":true,"href":"https:\/\/diariodigitalmx.com\/index.php\/wp-json\/wp\/v2\/media\/964"}],"wp:attachment":[{"href":"https:\/\/diariodigitalmx.com\/index.php\/wp-json\/wp\/v2\/media?parent=963"}],"wp:term":[{"taxonomy":"category","embeddable":true,"href":"https:\/\/diariodigitalmx.com\/index.php\/wp-json\/wp\/v2\/categories?post=963"},{"taxonomy":"post_tag","embeddable":true,"href":"https:\/\/diariodigitalmx.com\/index.php\/wp-json\/wp\/v2\/tags?post=963"}],"curies":[{"name":"wp","href":"https:\/\/api.w.org\/{rel}","templated":true}]}}