{"id":9677,"date":"2019-08-11T22:07:52","date_gmt":"2019-08-12T03:07:52","guid":{"rendered":"http:\/\/diariodigitalmx.com\/?p=9677"},"modified":"2019-08-11T22:09:10","modified_gmt":"2019-08-12T03:09:10","slug":"es-agustin-basave-presidente-de-mc-en-nl","status":"publish","type":"post","link":"https:\/\/diariodigitalmx.com\/index.php\/2019\/08\/11\/es-agustin-basave-presidente-de-mc-en-nl\/","title":{"rendered":"Es Agust\u00edn Basave, presidente de MC en NL"},"content":{"rendered":"\n<p><strong><em> Lo arropan el dirigente nacional de MC, Clemente Casta\u00f1eda,&nbsp;senadores, diputados, militantes y pol\u00edticos de Nuevo Le\u00f3n<\/em><\/strong><\/p>\n\n\n\n<p>Respaldado por la dirigencia nacional del partido, senadores, diputados locales, militantes y pol\u00edticos en general, tom\u00f3 protesta el nuevo l\u00edder de Movimiento Ciudadano en la entidad, Agust\u00edn Basave Alanis, quien sustituye al\u00a0otrora coordinador temporal, Samuel Garc\u00eda.<\/p>\n\n\n\n<p>Durante su primer discurso como dirigente estatal de Movimiento Ciudadano, Basave Alan\u00eds resalt\u00f3 que una de sus&nbsp;principales misiones es ofrecerle a los nuevoleon\u00e9ses los mejores candidatos para las elecciones del 2021 sin importar&nbsp;si son de izquierda o de derecha.<\/p>\n\n\n\n<p>Se\u00f1al\u00f3 que Nuevo Le\u00f3n necesita un gobierno que tenga visi\u00f3n, rumbo definido y por ello cada personaje que abandere&nbsp;Movimiento Ciudadano debe tener como prioridad la honradez, el trabajo arduo y hacer un gobierno de altura.<\/p>\n\n\n\n<p>\u201cHoy tenemos cimientos s\u00f3lidos sobre los cuales seguimos construyendo la estructura de Movimiento Ciudadano con&nbsp;un objetivo claro que es ganar la Gubernatura en 2021\u201d, se\u00f1al\u00f3 el l\u00edder emecista.<\/p>\n\n\n\n<p>\u201cNuevo Le\u00f3n es un estado de primera. No podemos permitirnos tener una clase pol\u00edtica de tercera. Nos han mentido y&nbsp;nos han robado, casi, hasta la esperanza\u201d y por ellos dijo, \u201chay que asumir el reto a ser el cambio que queremos ver;&nbsp;movimiento Ciudadano, no tengan duda, est\u00e1 listo para 2021\u201d<\/p>\n\n\n\n<p>El dirigente nacional emecista, Clemente Casta\u00f1eda, dio todo su respaldo a Agust\u00edn Basave y se dijo confiado en que&nbsp;har\u00e1 crecer al partido, no solamente en militancia, sino en cantidad de diputados y gobernantes.<\/p>\n\n\n\n<p>Casta\u00f1eda destac\u00f3 que la tarea primordial de Basave ser\u00e1 pintar a Nuevo Le\u00f3n de naranja y que desde el Gobierno, el&nbsp;Congreso del Estado y las principales alcald\u00edas sean encabezadas por Movimiento ciudadano.<\/p>\n\n\n\n<p>\u201cAquellos que est\u00e1n c\u00f3modamente sentados en la silla del poder, aquellos que han abusado hist\u00f3ricamente de la&nbsp;gente, se les acab\u00f3 el veinte, se les acabo el tren, porque va llegar Movimiento Ciudadano con una nueva generaci\u00f3n&nbsp;de j\u00f3venes, de hombres y mujeres que entienden que la pol\u00edtica sirve para hacer cosas buenas y no para enriquecerse\u201d,&nbsp;apunt\u00f3 el l\u00edder nacional de MC.<\/p>\n","protected":false},"excerpt":{"rendered":"<p>Lo arropan el dirigente nacional de MC, Clemente Casta\u00f1eda,&nbsp;senadores, diputados, militantes y pol\u00edticos de Nuevo Le\u00f3n Respaldado por la dirigencia nacional del partido, senadores, diputados locales, militantes y pol\u00edticos en general, tom\u00f3 protesta el nuevo l\u00edder de Movimiento Ciudadano en la entidad, Agust\u00edn Basave Alanis, quien sustituye al\u00a0otrora coordinador temporal, Samuel Garc\u00eda. Durante su primer [&hellip;]<\/p>\n","protected":false},"author":1,"featured_media":9679,"comment_status":"open","ping_status":"open","sticky":true,"template":"","format":"standard","meta":{"footnotes":""},"categories":[6],"tags":[],"_links":{"self":[{"href":"https:\/\/diariodigitalmx.com\/index.php\/wp-json\/wp\/v2\/posts\/9677"}],"collection":[{"href":"https:\/\/diariodigitalmx.com\/index.php\/wp-json\/wp\/v2\/posts"}],"about":[{"href":"https:\/\/diariodigitalmx.com\/index.php\/wp-json\/wp\/v2\/types\/post"}],"author":[{"embeddable":true,"href":"https:\/\/diariodigitalmx.com\/index.php\/wp-json\/wp\/v2\/users\/1"}],"replies":[{"embeddable":true,"href":"https:\/\/diariodigitalmx.com\/index.php\/wp-json\/wp\/v2\/comments?post=9677"}],"version-history":[{"count":3,"href":"https:\/\/diariodigitalmx.com\/index.php\/wp-json\/wp\/v2\/posts\/9677\/revisions"}],"predecessor-version":[{"id":9681,"href":"https:\/\/diariodigitalmx.com\/index.php\/wp-json\/wp\/v2\/posts\/9677\/revisions\/9681"}],"wp:featuredmedia":[{"embeddable":true,"href":"https:\/\/diariodigitalmx.com\/index.php\/wp-json\/wp\/v2\/media\/9679"}],"wp:attachment":[{"href":"https:\/\/diariodigitalmx.com\/index.php\/wp-json\/wp\/v2\/media?parent=9677"}],"wp:term":[{"taxonomy":"category","embeddable":true,"href":"https:\/\/diariodigitalmx.com\/index.php\/wp-json\/wp\/v2\/categories?post=9677"},{"taxonomy":"post_tag","embeddable":true,"href":"https:\/\/diariodigitalmx.com\/index.php\/wp-json\/wp\/v2\/tags?post=9677"}],"curies":[{"name":"wp","href":"https:\/\/api.w.org\/{rel}","templated":true}]}}