{"id":9682,"date":"2019-08-12T06:07:19","date_gmt":"2019-08-12T11:07:19","guid":{"rendered":"http:\/\/diariodigitalmx.com\/?p=9682"},"modified":"2019-08-12T06:07:20","modified_gmt":"2019-08-12T11:07:20","slug":"de-rodillas-ante-amlo","status":"publish","type":"post","link":"https:\/\/diariodigitalmx.com\/index.php\/2019\/08\/12\/de-rodillas-ante-amlo\/","title":{"rendered":"De rodillas ante AMLO"},"content":{"rendered":"\n<p>Salvador Hern\u00e1ndez LANDEROS<br> Me parece un cuento de terror. Pero lo que se cuenta es una perversa realidad <br> pol\u00edtica que Nuevo Le\u00f3n podr\u00eda padecer durante los pr\u00f3ximos dos a\u00f1os.<br> Seg\u00fan segmentos de an\u00e1lisis que se empiezan a permear en diferentes \u00e1mbitos, <br> el Estado vivir\u00e1 una crisis pol\u00edtica, como nunca se hab\u00eda visto.<br> Las crisis vividas en los \u00faltimos 40 a\u00f1os, de acuerdo a quienes lo cuentan,<br> semejar\u00e1n a \u00e9stas con unos simples \u201cCuentos de Hadas\u201d.<br> El eje central est\u00e1 plenamente ubicado. Es el Gobernador Jaime Rodr\u00edguez <br> Calder\u00f3n, de quien se desprenden otros pol\u00edticos y alg\u00fan pesado empresario.<br> Todo empieza con la resoluci\u00f3n de la Sala Especializada del Tribunal <br> Electoral del Poder Judicial de la Federaci\u00f3n, frente al incumplimiento de la <br> sanci\u00f3n que le fue impuesta en junio del 2018.<br> La sanci\u00f3n fue por usar recursos p\u00fablicos y el Congreso del Estado habr\u00e1 que <br> decidirla, incluso hasta con su destituci\u00f3n antes de que concluya el 2019.<br> Aqu\u00ed est\u00e1 el terror pol\u00edtico que se viene y que va a concluir el 2021 con un <br> gobernador de rodillas, si no es que, arrastr\u00e1ndose, suplicando clemencia.<br> Seg\u00fan esto, el primer paso es que los Partidos \u201cacordar\u00e1n\u201d que \u201cEl Bronco\u201d <br> siga con su cargo, exigi\u00e9ndole trabajo en materia de seguridad p\u00fablica. <br> Podr\u00edan cambiar varios funcionarios en \u00e1reas estrat\u00e9gicas. Los nuevos tratar\u00edan <br> directamente con el gobierno federal para los apoyos m\u00e1s necesarios.<br> Jaime Rodr\u00edguez ser\u00e1 un Gobernador de adorno. Exhibido en su m\u00e1xima <br> potencia como el peor pol\u00edtico del Pa\u00eds y varios colaboradores investigados.<br> Conste, no estamos exagerando, pero la pol\u00edtica actual est\u00e1 llena de perversidad. <br> La presa n\u00famero uno de AMLO, ser\u00e1 \u201cEl Bronco\u201d.<br> chavalolanderos@yahoo.com.mx<\/p>\n","protected":false},"excerpt":{"rendered":"<p>Salvador Hern\u00e1ndez LANDEROS Me parece un cuento de terror. Pero lo que se cuenta es una perversa realidad pol\u00edtica que Nuevo Le\u00f3n podr\u00eda padecer durante los pr\u00f3ximos dos a\u00f1os. Seg\u00fan segmentos de an\u00e1lisis que se empiezan a permear en diferentes \u00e1mbitos, el Estado vivir\u00e1 una crisis pol\u00edtica, como nunca se hab\u00eda visto. Las crisis vividas [&hellip;]<\/p>\n","protected":false},"author":1,"featured_media":9365,"comment_status":"open","ping_status":"open","sticky":true,"template":"","format":"standard","meta":{"footnotes":""},"categories":[12],"tags":[],"_links":{"self":[{"href":"https:\/\/diariodigitalmx.com\/index.php\/wp-json\/wp\/v2\/posts\/9682"}],"collection":[{"href":"https:\/\/diariodigitalmx.com\/index.php\/wp-json\/wp\/v2\/posts"}],"about":[{"href":"https:\/\/diariodigitalmx.com\/index.php\/wp-json\/wp\/v2\/types\/post"}],"author":[{"embeddable":true,"href":"https:\/\/diariodigitalmx.com\/index.php\/wp-json\/wp\/v2\/users\/1"}],"replies":[{"embeddable":true,"href":"https:\/\/diariodigitalmx.com\/index.php\/wp-json\/wp\/v2\/comments?post=9682"}],"version-history":[{"count":1,"href":"https:\/\/diariodigitalmx.com\/index.php\/wp-json\/wp\/v2\/posts\/9682\/revisions"}],"predecessor-version":[{"id":9683,"href":"https:\/\/diariodigitalmx.com\/index.php\/wp-json\/wp\/v2\/posts\/9682\/revisions\/9683"}],"wp:featuredmedia":[{"embeddable":true,"href":"https:\/\/diariodigitalmx.com\/index.php\/wp-json\/wp\/v2\/media\/9365"}],"wp:attachment":[{"href":"https:\/\/diariodigitalmx.com\/index.php\/wp-json\/wp\/v2\/media?parent=9682"}],"wp:term":[{"taxonomy":"category","embeddable":true,"href":"https:\/\/diariodigitalmx.com\/index.php\/wp-json\/wp\/v2\/categories?post=9682"},{"taxonomy":"post_tag","embeddable":true,"href":"https:\/\/diariodigitalmx.com\/index.php\/wp-json\/wp\/v2\/tags?post=9682"}],"curies":[{"name":"wp","href":"https:\/\/api.w.org\/{rel}","templated":true}]}}