{"id":9688,"date":"2019-08-12T08:53:41","date_gmt":"2019-08-12T13:53:41","guid":{"rendered":"http:\/\/diariodigitalmx.com\/?p=9688"},"modified":"2019-08-12T10:59:40","modified_gmt":"2019-08-12T15:59:40","slug":"el-empresario-regio-carlos-bremer-compro-la-casa-del-chino-zhenli-ye-gon","status":"publish","type":"post","link":"https:\/\/diariodigitalmx.com\/index.php\/2019\/08\/12\/el-empresario-regio-carlos-bremer-compro-la-casa-del-chino-zhenli-ye-gon\/","title":{"rendered":"El empresario regio Carlos Bremer compr\u00f3 la casa del chino Zhenli Ye Gon"},"content":{"rendered":"\n<p>El empresario de Monterrey encabeza una fundaci\u00f3n de promoci\u00f3n deportiva, Fundaci\u00f3n Butaca<\/p>\n\n\n\n<figure class=\"wp-block-image\"><img loading=\"lazy\" decoding=\"async\" width=\"400\" height=\"250\" src=\"http:\/\/diariodigitalmx.com\/wp-content\/uploads\/2019\/08\/mansion-chino-lauralovera1.jpg\" alt=\"\" class=\"wp-image-9693\" srcset=\"https:\/\/diariodigitalmx.com\/wp-content\/uploads\/2019\/08\/mansion-chino-lauralovera1.jpg 400w, https:\/\/diariodigitalmx.com\/wp-content\/uploads\/2019\/08\/mansion-chino-lauralovera1-300x188.jpg 300w\" sizes=\"(max-width: 400px) 100vw, 400px\" \/><\/figure>\n\n\n\n<p>Carlos Bremer, de la Fundaci\u00f3n Butaca Enlace, fue el comprador de la casa incautada hace doce a\u00f1os al chino-mexicano Zhenli Ye Gon, inform\u00f3 el director del Servicio de Administraci\u00f3n y Enajenaci\u00f3n de Bienes (SAE), Ricardo Rodr\u00edguez.<\/p>\n\n\n\n<p><br><\/p>\n\n\n\n<figure class=\"wp-block-image\"><img loading=\"lazy\" decoding=\"async\" width=\"701\" height=\"438\" src=\"http:\/\/diariodigitalmx.com\/wp-content\/uploads\/2019\/08\/images-6.jpeg\" alt=\"\" class=\"wp-image-9697\" srcset=\"https:\/\/diariodigitalmx.com\/wp-content\/uploads\/2019\/08\/images-6.jpeg 701w, https:\/\/diariodigitalmx.com\/wp-content\/uploads\/2019\/08\/images-6-300x187.jpeg 300w\" sizes=\"(max-width: 701px) 100vw, 701px\" \/><\/figure>\n\n\n\n<p>En la conferencia diaria del presidente Andr\u00e9s Manuel L\u00f3pez Obrador, el funcionario indic\u00f3 que la Fundaci\u00f3n Butaca-Enlace ha apoyado al deporte desde hace once a\u00f1os.<br><\/p>\n\n\n\n<p>El empresario de Monterrey encabeza una fundaci\u00f3n de promoci\u00f3n deportiva, Fundaci\u00f3n Butaca.<\/p>\n\n\n\n<p><br><\/p>\n\n\n\n<figure class=\"wp-block-image\"><img loading=\"lazy\" decoding=\"async\" width=\"320\" height=\"200\" src=\"http:\/\/diariodigitalmx.com\/wp-content\/uploads\/2019\/08\/mansion-chino-lauralovera5.jpg\" alt=\"\" class=\"wp-image-9695\" srcset=\"https:\/\/diariodigitalmx.com\/wp-content\/uploads\/2019\/08\/mansion-chino-lauralovera5.jpg 320w, https:\/\/diariodigitalmx.com\/wp-content\/uploads\/2019\/08\/mansion-chino-lauralovera5-300x188.jpg 300w\" sizes=\"(max-width: 320px) 100vw, 320px\" \/><\/figure>\n\n\n\n<p>Bremer &#8220;es un empresario con sentido social&#8221;, dijo Rodr\u00edguez. El empresario particip\u00f3 en la puja del domingo por tel\u00e9fono.<br><\/p>\n\n\n\n<p>El comprador dijo que interven\u00eda en la subasta &#8220;con mucho agrado&#8221;, seg\u00fan Rodr\u00edguez.<br><\/p>\n\n\n\n<p>En total se subastaron en la v\u00edspera cinco inmuebles, con una recaudaci\u00f3n de 125.8 millones de pesos, indic\u00f3 Rodr\u00edguez.<br><\/p>\n\n\n\n<p>La mansi\u00f3n de Lomas de Chapultepec se coloc\u00f3 en 102 millones de pesos.<br><\/p>\n\n\n\n<p>Cabe recordar que los fondos de esta subasta saldr\u00e1n becas para los 544 atletas mexicanos que participaron en los Juegos Panamericanos de Lima, que concluyeron el domingo.<\/p>\n","protected":false},"excerpt":{"rendered":"<p>El empresario de Monterrey encabeza una fundaci\u00f3n de promoci\u00f3n deportiva, Fundaci\u00f3n Butaca Carlos Bremer, de la Fundaci\u00f3n Butaca Enlace, fue el comprador de la casa incautada hace doce a\u00f1os al chino-mexicano Zhenli Ye Gon, inform\u00f3 el director del Servicio de Administraci\u00f3n y Enajenaci\u00f3n de Bienes (SAE), Ricardo Rodr\u00edguez. En la conferencia diaria del presidente Andr\u00e9s [&hellip;]<\/p>\n","protected":false},"author":1,"featured_media":9692,"comment_status":"open","ping_status":"open","sticky":true,"template":"","format":"standard","meta":{"footnotes":""},"categories":[2],"tags":[],"_links":{"self":[{"href":"https:\/\/diariodigitalmx.com\/index.php\/wp-json\/wp\/v2\/posts\/9688"}],"collection":[{"href":"https:\/\/diariodigitalmx.com\/index.php\/wp-json\/wp\/v2\/posts"}],"about":[{"href":"https:\/\/diariodigitalmx.com\/index.php\/wp-json\/wp\/v2\/types\/post"}],"author":[{"embeddable":true,"href":"https:\/\/diariodigitalmx.com\/index.php\/wp-json\/wp\/v2\/users\/1"}],"replies":[{"embeddable":true,"href":"https:\/\/diariodigitalmx.com\/index.php\/wp-json\/wp\/v2\/comments?post=9688"}],"version-history":[{"count":6,"href":"https:\/\/diariodigitalmx.com\/index.php\/wp-json\/wp\/v2\/posts\/9688\/revisions"}],"predecessor-version":[{"id":9698,"href":"https:\/\/diariodigitalmx.com\/index.php\/wp-json\/wp\/v2\/posts\/9688\/revisions\/9698"}],"wp:featuredmedia":[{"embeddable":true,"href":"https:\/\/diariodigitalmx.com\/index.php\/wp-json\/wp\/v2\/media\/9692"}],"wp:attachment":[{"href":"https:\/\/diariodigitalmx.com\/index.php\/wp-json\/wp\/v2\/media?parent=9688"}],"wp:term":[{"taxonomy":"category","embeddable":true,"href":"https:\/\/diariodigitalmx.com\/index.php\/wp-json\/wp\/v2\/categories?post=9688"},{"taxonomy":"post_tag","embeddable":true,"href":"https:\/\/diariodigitalmx.com\/index.php\/wp-json\/wp\/v2\/tags?post=9688"}],"curies":[{"name":"wp","href":"https:\/\/api.w.org\/{rel}","templated":true}]}}