{"id":97170,"date":"2023-05-02T17:01:26","date_gmt":"2023-05-02T22:01:26","guid":{"rendered":"http:\/\/diariodigitalmx.com\/?p=97170"},"modified":"2023-05-02T17:01:56","modified_gmt":"2023-05-02T22:01:56","slug":"cumple-gobierno-da-quemon-a-empresas-que-no-quieren-reducir-contaminacion","status":"publish","type":"post","link":"https:\/\/diariodigitalmx.com\/index.php\/2023\/05\/02\/cumple-gobierno-da-quemon-a-empresas-que-no-quieren-reducir-contaminacion\/","title":{"rendered":"Cumple gobierno, da &#8220;quem\u00f3n&#8221; a empresas que no quieren reducir contaminaci\u00f3n"},"content":{"rendered":"\n<p>Monterrey . &#8211; El gobierno de Nuevo Le\u00f3n &#8220;quem\u00f3&#8221; las primeras ocho empresas que se niegan a colaborar en un plan de reducci\u00f3n de emisiones contaminantes.<br>La semana pasada el Samuel Garc\u00eda anunci\u00f3 que se dar\u00edan nombres y apellidos de empresas que no reducen sus emisiones, y a las que dijo, enviar\u00eda la prensa pas quemarlas (exhibirlas).<br>Ante ello, la Secretar\u00eda de Medio Ambiente mencion\u00f3 a ocho empresas que no han presentado el plan de reducci\u00f3n de emisiones contaminantes que se les solicit\u00f3.<br>Se trata de las empresas Iberdrola, Prote\u00ednas Naturales, Indalum, Varmoxz, Kohler y Owens Vimosa, que no han respondido a la petici\u00f3n gubernamental, dijo el Secretario F\u00e9lix Arratia.<br>Asimismo, Crisa Libbey, empresa de vidrio ubicada en San Nicol\u00e1s; y Kandelium M\u00e9xico, industria qu\u00edmica establecida en el municipio de Garc\u00eda, informaron abiertamente que no participar\u00e1n en el denominado Plan Integral de Gesti\u00f3n de Calidad del Aire (Pigeca), con el que el Estado pretende compromisos espec\u00edficos de cada empresa que genera emisiones contaminantes.<br>VAN TRAS ELLAS A COMO DE LUGAR<br>El funcionario revel\u00f3 que ahora la Secretar\u00eda y su reci\u00e9n creada Agencia de la Calidad del Aire no tienen atribuciones para sancionar o cerrar, pero si buscar\u00edan suspender sus actividades por descargas de residuos, contaminaci\u00f3n del agua u otras causas ajenas a las emisiones.<br>&#8220;Tenemos atribuciones, a lo mejor no de entrar a fuentes fijas de contaminaci\u00f3n, podemos entrar en materia de residuos, en materia de agua por contaminaci\u00f3n ostensible o algunas otras funciones que nosotros como autoridad estatal podemos entrar&#8221;, advirti\u00f3.<\/p>\n","protected":false},"excerpt":{"rendered":"<p>Monterrey . &#8211; El gobierno de Nuevo Le\u00f3n &#8220;quem\u00f3&#8221; las primeras ocho empresas que se niegan a colaborar en un plan de reducci\u00f3n de emisiones contaminantes.La semana pasada el Samuel Garc\u00eda anunci\u00f3 que se dar\u00edan nombres y apellidos de empresas que no reducen sus emisiones, y a las que dijo, enviar\u00eda la prensa pas quemarlas [&hellip;]<\/p>\n","protected":false},"author":1,"featured_media":97172,"comment_status":"open","ping_status":"open","sticky":true,"template":"","format":"standard","meta":{"footnotes":""},"categories":[6,3],"tags":[],"_links":{"self":[{"href":"https:\/\/diariodigitalmx.com\/index.php\/wp-json\/wp\/v2\/posts\/97170"}],"collection":[{"href":"https:\/\/diariodigitalmx.com\/index.php\/wp-json\/wp\/v2\/posts"}],"about":[{"href":"https:\/\/diariodigitalmx.com\/index.php\/wp-json\/wp\/v2\/types\/post"}],"author":[{"embeddable":true,"href":"https:\/\/diariodigitalmx.com\/index.php\/wp-json\/wp\/v2\/users\/1"}],"replies":[{"embeddable":true,"href":"https:\/\/diariodigitalmx.com\/index.php\/wp-json\/wp\/v2\/comments?post=97170"}],"version-history":[{"count":1,"href":"https:\/\/diariodigitalmx.com\/index.php\/wp-json\/wp\/v2\/posts\/97170\/revisions"}],"predecessor-version":[{"id":97171,"href":"https:\/\/diariodigitalmx.com\/index.php\/wp-json\/wp\/v2\/posts\/97170\/revisions\/97171"}],"wp:featuredmedia":[{"embeddable":true,"href":"https:\/\/diariodigitalmx.com\/index.php\/wp-json\/wp\/v2\/media\/97172"}],"wp:attachment":[{"href":"https:\/\/diariodigitalmx.com\/index.php\/wp-json\/wp\/v2\/media?parent=97170"}],"wp:term":[{"taxonomy":"category","embeddable":true,"href":"https:\/\/diariodigitalmx.com\/index.php\/wp-json\/wp\/v2\/categories?post=97170"},{"taxonomy":"post_tag","embeddable":true,"href":"https:\/\/diariodigitalmx.com\/index.php\/wp-json\/wp\/v2\/tags?post=97170"}],"curies":[{"name":"wp","href":"https:\/\/api.w.org\/{rel}","templated":true}]}}