{"id":97176,"date":"2023-05-02T18:22:36","date_gmt":"2023-05-02T23:22:36","guid":{"rendered":"http:\/\/diariodigitalmx.com\/?p=97176"},"modified":"2023-05-02T18:23:39","modified_gmt":"2023-05-02T23:23:39","slug":"asi-corrieron-al-burro-de-miembros-al-aire","status":"publish","type":"post","link":"https:\/\/diariodigitalmx.com\/index.php\/2023\/05\/02\/asi-corrieron-al-burro-de-miembros-al-aire\/","title":{"rendered":"As\u00ed corrieron al Burro de Miembros al Aire"},"content":{"rendered":"\n<p><\/p>\n\n\n\n<p>&#8220;Me corrieron en los pasillos de Televisa, San \u00c1ngel despu\u00e9s de 14 a\u00f1os. Me duele porque fui el primero que hizo este programa&#8221;, acus\u00f3 Jorge Van Rankin.<\/p>\n\n\n\n<p>El Burro Van Rankin consider\u00f3 que la forma en la que termin\u00f3 la relaci\u00f3n laboral con Televisa no fue nada agradable ni de manera formal.<\/p>\n\n\n\n<p>&#8220;Ma\u00f1ana contar\u00e9 de todo lo que s\u00e9 y de d\u00f3nde viene, y estoy seguro que ni los jefes de verdad saben, porque s\u00e9 que viene de otro lado, no pasa nada. Gracias a Dios tengo ofertas de otros lados. Pero lo que no entiendo es por qu\u00e9 no te dan la cara y que te corran en un pasillo de Televisa, as\u00ed son, pero que Dios los bendiga!! Y les voy a platicar de d\u00f3nde viene y quienes son los que lo hicieron y por qu\u00e9!&#8221;, dijo en sus redes sociales.<\/p>\n","protected":false},"excerpt":{"rendered":"<p>&#8220;Me corrieron en los pasillos de Televisa, San \u00c1ngel despu\u00e9s de 14 a\u00f1os. Me duele porque fui el primero que hizo este programa&#8221;, acus\u00f3 Jorge Van Rankin. El Burro Van Rankin consider\u00f3 que la forma en la que termin\u00f3 la relaci\u00f3n laboral con Televisa no fue nada agradable ni de manera formal. &#8220;Ma\u00f1ana contar\u00e9 de [&hellip;]<\/p>\n","protected":false},"author":1,"featured_media":97178,"comment_status":"open","ping_status":"open","sticky":true,"template":"","format":"standard","meta":{"footnotes":""},"categories":[14,9],"tags":[],"_links":{"self":[{"href":"https:\/\/diariodigitalmx.com\/index.php\/wp-json\/wp\/v2\/posts\/97176"}],"collection":[{"href":"https:\/\/diariodigitalmx.com\/index.php\/wp-json\/wp\/v2\/posts"}],"about":[{"href":"https:\/\/diariodigitalmx.com\/index.php\/wp-json\/wp\/v2\/types\/post"}],"author":[{"embeddable":true,"href":"https:\/\/diariodigitalmx.com\/index.php\/wp-json\/wp\/v2\/users\/1"}],"replies":[{"embeddable":true,"href":"https:\/\/diariodigitalmx.com\/index.php\/wp-json\/wp\/v2\/comments?post=97176"}],"version-history":[{"count":1,"href":"https:\/\/diariodigitalmx.com\/index.php\/wp-json\/wp\/v2\/posts\/97176\/revisions"}],"predecessor-version":[{"id":97177,"href":"https:\/\/diariodigitalmx.com\/index.php\/wp-json\/wp\/v2\/posts\/97176\/revisions\/97177"}],"wp:featuredmedia":[{"embeddable":true,"href":"https:\/\/diariodigitalmx.com\/index.php\/wp-json\/wp\/v2\/media\/97178"}],"wp:attachment":[{"href":"https:\/\/diariodigitalmx.com\/index.php\/wp-json\/wp\/v2\/media?parent=97176"}],"wp:term":[{"taxonomy":"category","embeddable":true,"href":"https:\/\/diariodigitalmx.com\/index.php\/wp-json\/wp\/v2\/categories?post=97176"},{"taxonomy":"post_tag","embeddable":true,"href":"https:\/\/diariodigitalmx.com\/index.php\/wp-json\/wp\/v2\/tags?post=97176"}],"curies":[{"name":"wp","href":"https:\/\/api.w.org\/{rel}","templated":true}]}}