{"id":97187,"date":"2023-05-02T21:59:11","date_gmt":"2023-05-03T02:59:11","guid":{"rendered":"http:\/\/diariodigitalmx.com\/?p=97187"},"modified":"2023-05-02T22:00:09","modified_gmt":"2023-05-03T03:00:09","slug":"migrantes-hacinados-no-paran-en-busca-del-sueno-americano","status":"publish","type":"post","link":"https:\/\/diariodigitalmx.com\/index.php\/2023\/05\/02\/migrantes-hacinados-no-paran-en-busca-del-sueno-americano\/","title":{"rendered":"Migrantes hacinados; no paran en busca del sue\u00f1o americano"},"content":{"rendered":"\n<p> Monterrey. &#8211; Hacinados en la caja de un tractocami\u00f3n fueron detectados 139 centroamericanos ilegales que pretend\u00edan llegar a Estados Unidos.<\/p>\n\n\n\n<p>El Instituto Nacional de Migraci\u00f3n (INM) identific\u00f3 a 139 personas extranjeras irregulares provenientes de Guatemala, Honduras y El Salvador, quienes viajaban hacinados en la caja seca de un tractocami\u00f3n que fue ubicado en el punto de revisi\u00f3n \u201cEl Encanto\u201d, en la carretera Monterrey-Reynosa.<\/p>\n\n\n\n<p>De los 139 extranjeros rescatados, 117 son originarios de Guatemala, 15 de Honduras y siete de El Salvador.<\/p>\n\n\n\n<figure class=\"wp-block-image size-full\"><img loading=\"lazy\" decoding=\"async\" width=\"960\" height=\"960\" src=\"http:\/\/diariodigitalmx.com\/wp-content\/uploads\/2023\/05\/IMG_20230502_205819_310.webp\" alt=\"\" class=\"wp-image-97190\" srcset=\"https:\/\/diariodigitalmx.com\/wp-content\/uploads\/2023\/05\/IMG_20230502_205819_310.webp 960w, https:\/\/diariodigitalmx.com\/wp-content\/uploads\/2023\/05\/IMG_20230502_205819_310-300x300.webp 300w, https:\/\/diariodigitalmx.com\/wp-content\/uploads\/2023\/05\/IMG_20230502_205819_310-150x150.webp 150w, https:\/\/diariodigitalmx.com\/wp-content\/uploads\/2023\/05\/IMG_20230502_205819_310-768x768.webp 768w\" sizes=\"(max-width: 960px) 100vw, 960px\" \/><\/figure>\n\n\n\n<p>Entre las 117 personas de nacionalidad guatemalteca, 28 forman parte de 12 n\u00facleos familiares, as\u00ed como 65 menores de edad no acompa\u00f1ados y 24 mujeres y hombres adultos solos.<\/p>\n\n\n\n<p>Las familias como los menores de edad no acompa\u00f1ados quedar\u00e1n bajo la tutela y protecci\u00f3n del Sistema para el Desarrollo Integral de la Familia (DIF) de la localidad.<\/p>\n\n\n\n<p>El conductor y su copiloto quedaron a disposici\u00f3n de la Fiscal\u00eda General de la Rep\u00fablica, para los efectos legales a los que haya lugar.<\/p>\n","protected":false},"excerpt":{"rendered":"<p>Monterrey. &#8211; Hacinados en la caja de un tractocami\u00f3n fueron detectados 139 centroamericanos ilegales que pretend\u00edan llegar a Estados Unidos. El Instituto Nacional de Migraci\u00f3n (INM) identific\u00f3 a 139 personas extranjeras irregulares provenientes de Guatemala, Honduras y El Salvador, quienes viajaban hacinados en la caja seca de un tractocami\u00f3n que fue ubicado en el punto [&hellip;]<\/p>\n","protected":false},"author":1,"featured_media":97189,"comment_status":"open","ping_status":"open","sticky":true,"template":"","format":"standard","meta":{"footnotes":""},"categories":[14,7],"tags":[],"_links":{"self":[{"href":"https:\/\/diariodigitalmx.com\/index.php\/wp-json\/wp\/v2\/posts\/97187"}],"collection":[{"href":"https:\/\/diariodigitalmx.com\/index.php\/wp-json\/wp\/v2\/posts"}],"about":[{"href":"https:\/\/diariodigitalmx.com\/index.php\/wp-json\/wp\/v2\/types\/post"}],"author":[{"embeddable":true,"href":"https:\/\/diariodigitalmx.com\/index.php\/wp-json\/wp\/v2\/users\/1"}],"replies":[{"embeddable":true,"href":"https:\/\/diariodigitalmx.com\/index.php\/wp-json\/wp\/v2\/comments?post=97187"}],"version-history":[{"count":2,"href":"https:\/\/diariodigitalmx.com\/index.php\/wp-json\/wp\/v2\/posts\/97187\/revisions"}],"predecessor-version":[{"id":97191,"href":"https:\/\/diariodigitalmx.com\/index.php\/wp-json\/wp\/v2\/posts\/97187\/revisions\/97191"}],"wp:featuredmedia":[{"embeddable":true,"href":"https:\/\/diariodigitalmx.com\/index.php\/wp-json\/wp\/v2\/media\/97189"}],"wp:attachment":[{"href":"https:\/\/diariodigitalmx.com\/index.php\/wp-json\/wp\/v2\/media?parent=97187"}],"wp:term":[{"taxonomy":"category","embeddable":true,"href":"https:\/\/diariodigitalmx.com\/index.php\/wp-json\/wp\/v2\/categories?post=97187"},{"taxonomy":"post_tag","embeddable":true,"href":"https:\/\/diariodigitalmx.com\/index.php\/wp-json\/wp\/v2\/tags?post=97187"}],"curies":[{"name":"wp","href":"https:\/\/api.w.org\/{rel}","templated":true}]}}