{"id":97192,"date":"2023-05-02T22:21:19","date_gmt":"2023-05-03T03:21:19","guid":{"rendered":"http:\/\/diariodigitalmx.com\/?p=97192"},"modified":"2023-05-02T22:23:36","modified_gmt":"2023-05-03T03:23:36","slug":"designa-amic-comite-directivo-nacional-2023-2025","status":"publish","type":"post","link":"https:\/\/diariodigitalmx.com\/index.php\/2023\/05\/02\/designa-amic-comite-directivo-nacional-2023-2025\/","title":{"rendered":"Designa AMIC Comit\u00e9 Directivo Nacional 2023-2025"},"content":{"rendered":"\n<p>La Asociaci\u00f3n Mexicana de la Industria de la Construcci\u00f3n. Asociaci\u00f3n Civil, despu\u00e9s de un amplio proceso de consulta a nivel nacional, con una aceptaci\u00f3n de m\u00e1s del 70% de Asociados y Afiliados de una conformaci\u00f3n de alrededor de 600 socios personas f\u00edsicas y morales en la Rep\u00fablica Mexicana, design\u00f3 al nuevo Comit\u00e9 Directivo Nacional para el periodo 2023-2025 integrado de la manera siguiente: presidente Alberto Adame Ochoa, secretario Cesar Trujillo Islas y tesorero Manuel de Jes\u00fas Espinoza Gallardo.<br>El presidente Alberto Adame Ochoa, cuenta con una destacada trayectoria en la AMIC, ya que fungi\u00f3 como Vicepresidente del Primer Consejo Directivo, posteriormente fue Presidente en el periodo estatutario 2009-2011 y nuevamente tiene la honrosa responsabilidad de dirigir la AMIC en el pa\u00eds.<br>&#8220;Ahora es un poco diferente, porque hay 3 grupos con distintas formas de pensar respecto al rumbo qu\u00e9 se debe de tomar en la Asociaci\u00f3n&#8221;, refiri\u00f3 Alberto Adame Ochoa.<\/p>\n\n\n\n<figure class=\"wp-block-image size-full\"><img loading=\"lazy\" decoding=\"async\" width=\"933\" height=\"511\" src=\"http:\/\/diariodigitalmx.com\/wp-content\/uploads\/2023\/05\/IMG-20230502-WA0138.jpg\" alt=\"\" class=\"wp-image-97196\" srcset=\"https:\/\/diariodigitalmx.com\/wp-content\/uploads\/2023\/05\/IMG-20230502-WA0138.jpg 933w, https:\/\/diariodigitalmx.com\/wp-content\/uploads\/2023\/05\/IMG-20230502-WA0138-300x164.jpg 300w, https:\/\/diariodigitalmx.com\/wp-content\/uploads\/2023\/05\/IMG-20230502-WA0138-768x421.jpg 768w\" sizes=\"(max-width: 933px) 100vw, 933px\" \/><\/figure>\n\n\n\n<p>El Presidente afirm\u00f3 que buscar\u00e1 el acercamiento con los otros 2 grupos que integran la Asociaci\u00f3n para invitarlos a seguir participando en unidad en favor del 100% de los Asociados y Afiliados para sostener y fortalecer el crecimiento el trabajo de esta gran organizaci\u00f3n en beneficio de la Industria de la Construcci\u00f3n en M\u00e9xico.<br>&#8220;La AMIC ha crecido tanto, que naturalmente tiene grupos con ideolog\u00edas distintas, las cuales son perfectamente v\u00e1lidas y respetables, pero como una organizaci\u00f3n democr\u00e1tica, las decisiones de la mayor\u00eda son las que prevalecen&#8221;, indic\u00f3.<br>El ingeniero Alberto Adame Ochoa invit\u00f3 a los empresarios y a la sociedad en general a trabajar en colaboraci\u00f3n con la Asociaci\u00f3n durante su periodo al frente de la presidencia. \u201cEn la AMIC podr\u00e1s encontrar constructores, proveedores y prestadores de servicios dispuestos a ofrecerte la mejor calidad y el mejor precio en cualquier proyecto que quieras realizar\u201d, finaliz\u00f3.<\/p>\n","protected":false},"excerpt":{"rendered":"<p>La Asociaci\u00f3n Mexicana de la Industria de la Construcci\u00f3n. Asociaci\u00f3n Civil, despu\u00e9s de un amplio proceso de consulta a nivel nacional, con una aceptaci\u00f3n de m\u00e1s del 70% de Asociados y Afiliados de una conformaci\u00f3n de alrededor de 600 socios personas f\u00edsicas y morales en la Rep\u00fablica Mexicana, design\u00f3 al nuevo Comit\u00e9 Directivo Nacional para [&hellip;]<\/p>\n","protected":false},"author":1,"featured_media":97195,"comment_status":"open","ping_status":"open","sticky":true,"template":"","format":"standard","meta":{"footnotes":""},"categories":[14,2],"tags":[],"_links":{"self":[{"href":"https:\/\/diariodigitalmx.com\/index.php\/wp-json\/wp\/v2\/posts\/97192"}],"collection":[{"href":"https:\/\/diariodigitalmx.com\/index.php\/wp-json\/wp\/v2\/posts"}],"about":[{"href":"https:\/\/diariodigitalmx.com\/index.php\/wp-json\/wp\/v2\/types\/post"}],"author":[{"embeddable":true,"href":"https:\/\/diariodigitalmx.com\/index.php\/wp-json\/wp\/v2\/users\/1"}],"replies":[{"embeddable":true,"href":"https:\/\/diariodigitalmx.com\/index.php\/wp-json\/wp\/v2\/comments?post=97192"}],"version-history":[{"count":2,"href":"https:\/\/diariodigitalmx.com\/index.php\/wp-json\/wp\/v2\/posts\/97192\/revisions"}],"predecessor-version":[{"id":97197,"href":"https:\/\/diariodigitalmx.com\/index.php\/wp-json\/wp\/v2\/posts\/97192\/revisions\/97197"}],"wp:featuredmedia":[{"embeddable":true,"href":"https:\/\/diariodigitalmx.com\/index.php\/wp-json\/wp\/v2\/media\/97195"}],"wp:attachment":[{"href":"https:\/\/diariodigitalmx.com\/index.php\/wp-json\/wp\/v2\/media?parent=97192"}],"wp:term":[{"taxonomy":"category","embeddable":true,"href":"https:\/\/diariodigitalmx.com\/index.php\/wp-json\/wp\/v2\/categories?post=97192"},{"taxonomy":"post_tag","embeddable":true,"href":"https:\/\/diariodigitalmx.com\/index.php\/wp-json\/wp\/v2\/tags?post=97192"}],"curies":[{"name":"wp","href":"https:\/\/api.w.org\/{rel}","templated":true}]}}