{"id":97249,"date":"2023-05-03T20:29:30","date_gmt":"2023-05-04T01:29:30","guid":{"rendered":"http:\/\/diariodigitalmx.com\/?p=97249"},"modified":"2023-05-03T20:31:07","modified_gmt":"2023-05-04T01:31:07","slug":"piden-declaracion-de-desastre-para-mcallen","status":"publish","type":"post","link":"https:\/\/diariodigitalmx.com\/index.php\/2023\/05\/03\/piden-declaracion-de-desastre-para-mcallen\/","title":{"rendered":"Piden declaraci\u00f3n de desastre para McAllen"},"content":{"rendered":"\n<p><br>Por Rogelio Romero<br>McAllen, Tx.-El alcalde de McAllen, Javier Villalobos, pidi\u00f3 a los gobiernos de Texas y Estados Unidos, considerar una declaraci\u00f3n de desastre para esta ciudad, debido a los extensos da\u00f1os materiales que dej\u00f3 la destructiva tormenta que azot\u00f3 la regi\u00f3n la madrugada del 29 de abril.<br>El mun\u00edcipe se\u00f1ala que emiti\u00f3 una declaraci\u00f3n de emergencia por siete d\u00edas, y que, es probable que el cabildo local la ampl\u00ede por mas tiempo, debido a los da\u00f1os materiales que sufrieron decenas de casas y negocios.<br>El monto de los da\u00f1os materiales que dej\u00f3 la destructiva tormenta se conoceran hasta dentro de dos semanas, cuando se concluya una evaluaci\u00f3n municipal.<\/p>\n\n\n\n<figure class=\"wp-block-image size-large\"><img loading=\"lazy\" decoding=\"async\" width=\"576\" height=\"1024\" src=\"http:\/\/diariodigitalmx.com\/wp-content\/uploads\/2023\/05\/2-1-1-576x1024.jpg\" alt=\"\" class=\"wp-image-97252\" srcset=\"https:\/\/diariodigitalmx.com\/wp-content\/uploads\/2023\/05\/2-1-1-576x1024.jpg 576w, https:\/\/diariodigitalmx.com\/wp-content\/uploads\/2023\/05\/2-1-1-169x300.jpg 169w, https:\/\/diariodigitalmx.com\/wp-content\/uploads\/2023\/05\/2-1-1-768x1365.jpg 768w, https:\/\/diariodigitalmx.com\/wp-content\/uploads\/2023\/05\/2-1-1-864x1536.jpg 864w, https:\/\/diariodigitalmx.com\/wp-content\/uploads\/2023\/05\/2-1-1.jpg 1152w\" sizes=\"(max-width: 576px) 100vw, 576px\" \/><\/figure>\n\n\n\n<p>\u201cYo espero que se emita una declaraci\u00f3n de desastre en estos d\u00edas, esto para que nuestros residentes tengan acceso a la ayuda estatal y federal que requieren\u201d, manifest\u00f3 la autoridad municipal.<br>\u201cLa tormenta afect\u00f3 todas las zonas de la ciudad porque tra\u00eda vientos de unos 85 millas por hora, casi como si fuera un hurac\u00e1n, los da\u00f1os materiales fuertes tambi\u00e9n se reportaron en la vecina ciudad de Mission\u201d, agrega Villalobos.<br>Resalt\u00f3 que los da\u00f1os materiales tambi\u00e9n se registraron en edificios municipales, afect\u00f3 al sistema de sem\u00e1foros, averi\u00f3 techos de casas y negocios as\u00ed como derrib\u00f3 m\u00e1s de 190 anuncios a lo largo de la ciudad.<br>Todav\u00eda este pasado mi\u00e9rcoles cuadrillas de trabajadores reparaban el servicio el\u00e9ctrico en algunos sectores vecinales.<\/p>\n","protected":false},"excerpt":{"rendered":"<p>Por Rogelio RomeroMcAllen, Tx.-El alcalde de McAllen, Javier Villalobos, pidi\u00f3 a los gobiernos de Texas y Estados Unidos, considerar una declaraci\u00f3n de desastre para esta ciudad, debido a los extensos da\u00f1os materiales que dej\u00f3 la destructiva tormenta que azot\u00f3 la regi\u00f3n la madrugada del 29 de abril.El mun\u00edcipe se\u00f1ala que emiti\u00f3 una declaraci\u00f3n de emergencia [&hellip;]<\/p>\n","protected":false},"author":1,"featured_media":97251,"comment_status":"open","ping_status":"open","sticky":true,"template":"","format":"standard","meta":{"footnotes":""},"categories":[14,4],"tags":[],"_links":{"self":[{"href":"https:\/\/diariodigitalmx.com\/index.php\/wp-json\/wp\/v2\/posts\/97249"}],"collection":[{"href":"https:\/\/diariodigitalmx.com\/index.php\/wp-json\/wp\/v2\/posts"}],"about":[{"href":"https:\/\/diariodigitalmx.com\/index.php\/wp-json\/wp\/v2\/types\/post"}],"author":[{"embeddable":true,"href":"https:\/\/diariodigitalmx.com\/index.php\/wp-json\/wp\/v2\/users\/1"}],"replies":[{"embeddable":true,"href":"https:\/\/diariodigitalmx.com\/index.php\/wp-json\/wp\/v2\/comments?post=97249"}],"version-history":[{"count":2,"href":"https:\/\/diariodigitalmx.com\/index.php\/wp-json\/wp\/v2\/posts\/97249\/revisions"}],"predecessor-version":[{"id":97254,"href":"https:\/\/diariodigitalmx.com\/index.php\/wp-json\/wp\/v2\/posts\/97249\/revisions\/97254"}],"wp:featuredmedia":[{"embeddable":true,"href":"https:\/\/diariodigitalmx.com\/index.php\/wp-json\/wp\/v2\/media\/97251"}],"wp:attachment":[{"href":"https:\/\/diariodigitalmx.com\/index.php\/wp-json\/wp\/v2\/media?parent=97249"}],"wp:term":[{"taxonomy":"category","embeddable":true,"href":"https:\/\/diariodigitalmx.com\/index.php\/wp-json\/wp\/v2\/categories?post=97249"},{"taxonomy":"post_tag","embeddable":true,"href":"https:\/\/diariodigitalmx.com\/index.php\/wp-json\/wp\/v2\/tags?post=97249"}],"curies":[{"name":"wp","href":"https:\/\/api.w.org\/{rel}","templated":true}]}}