{"id":97255,"date":"2023-05-03T21:00:23","date_gmt":"2023-05-04T02:00:23","guid":{"rendered":"http:\/\/diariodigitalmx.com\/?p=97255"},"modified":"2023-05-03T21:00:55","modified_gmt":"2023-05-04T02:00:55","slug":"a-la-carcel-por-no-dar-lonche-a-su-marido","status":"publish","type":"post","link":"https:\/\/diariodigitalmx.com\/index.php\/2023\/05\/03\/a-la-carcel-por-no-dar-lonche-a-su-marido\/","title":{"rendered":"A la c\u00e1rcel por no dar lonche a su marido"},"content":{"rendered":"\n<p>Lina una mujer de 45 a\u00f1os fue detenida por la polic\u00eda al ser acusada por su pareja Gerardo, de que \u201cno le echaba lonche\u201d.<\/p>\n\n\n\n<p>Los hechos se registraron en la Ciudad de Acu\u00f1a, Coahuila, donde el afectado present\u00f3 una denuncia ante la Fiscal\u00eda del Estado, mientras elementos femeninos complementaron una orden de aprehensi\u00f3n contra Lina, informa Piedras Negras en Red, en su p\u00e1gina de Facebook\u00b9.<\/p>\n\n\n\n<p>El hombre declar\u00f3 que la mujer lo agred\u00eda constantemente cada vez que llegaba a casa del trabajo.<\/p>\n\n\n\n<p>\u201cNo me echa lonche, tampoco me hace de comer, no me lavaba ni plancha y a cada rato me amenaza que me va a dejar por otro mejor que yo\u201d, dice la publicaci\u00f3n de Facebook.<\/p>\n\n\n\n<p>La mujer fue puesta a disposici\u00f3n del Ministerio P\u00fablico y ante un Juez, quienes dar\u00e1n seguimiento del caso.<\/p>\n","protected":false},"excerpt":{"rendered":"<p>Lina una mujer de 45 a\u00f1os fue detenida por la polic\u00eda al ser acusada por su pareja Gerardo, de que \u201cno le echaba lonche\u201d. Los hechos se registraron en la Ciudad de Acu\u00f1a, Coahuila, donde el afectado present\u00f3 una denuncia ante la Fiscal\u00eda del Estado, mientras elementos femeninos complementaron una orden de aprehensi\u00f3n contra Lina, [&hellip;]<\/p>\n","protected":false},"author":1,"featured_media":97257,"comment_status":"open","ping_status":"open","sticky":true,"template":"","format":"standard","meta":{"footnotes":""},"categories":[14,2],"tags":[],"_links":{"self":[{"href":"https:\/\/diariodigitalmx.com\/index.php\/wp-json\/wp\/v2\/posts\/97255"}],"collection":[{"href":"https:\/\/diariodigitalmx.com\/index.php\/wp-json\/wp\/v2\/posts"}],"about":[{"href":"https:\/\/diariodigitalmx.com\/index.php\/wp-json\/wp\/v2\/types\/post"}],"author":[{"embeddable":true,"href":"https:\/\/diariodigitalmx.com\/index.php\/wp-json\/wp\/v2\/users\/1"}],"replies":[{"embeddable":true,"href":"https:\/\/diariodigitalmx.com\/index.php\/wp-json\/wp\/v2\/comments?post=97255"}],"version-history":[{"count":1,"href":"https:\/\/diariodigitalmx.com\/index.php\/wp-json\/wp\/v2\/posts\/97255\/revisions"}],"predecessor-version":[{"id":97256,"href":"https:\/\/diariodigitalmx.com\/index.php\/wp-json\/wp\/v2\/posts\/97255\/revisions\/97256"}],"wp:featuredmedia":[{"embeddable":true,"href":"https:\/\/diariodigitalmx.com\/index.php\/wp-json\/wp\/v2\/media\/97257"}],"wp:attachment":[{"href":"https:\/\/diariodigitalmx.com\/index.php\/wp-json\/wp\/v2\/media?parent=97255"}],"wp:term":[{"taxonomy":"category","embeddable":true,"href":"https:\/\/diariodigitalmx.com\/index.php\/wp-json\/wp\/v2\/categories?post=97255"},{"taxonomy":"post_tag","embeddable":true,"href":"https:\/\/diariodigitalmx.com\/index.php\/wp-json\/wp\/v2\/tags?post=97255"}],"curies":[{"name":"wp","href":"https:\/\/api.w.org\/{rel}","templated":true}]}}