{"id":97263,"date":"2023-05-03T22:48:48","date_gmt":"2023-05-04T03:48:48","guid":{"rendered":"http:\/\/diariodigitalmx.com\/?p=97263"},"modified":"2023-05-03T22:49:51","modified_gmt":"2023-05-04T03:49:51","slug":"reaparece-el-ex-big-brother-pato-zambrano","status":"publish","type":"post","link":"https:\/\/diariodigitalmx.com\/index.php\/2023\/05\/03\/reaparece-el-ex-big-brother-pato-zambrano\/","title":{"rendered":"Reaparece el ex Big Brother, Pato Zambrano"},"content":{"rendered":"\n<p><\/p>\n\n\n\n<p>Patricio Zambrano promovi\u00f3 dos juicios pol\u00edticos contra el Gobernador Samuel Garc\u00eda.<\/p>\n\n\n\n<p>El ex candidato a la Alcald\u00eda de Monterrey y que por a\u00f1os estuvo sin militar, en el Partido del Trabajo, acudi\u00f3 al Congreso Local para la promoci\u00f3n de los juicios por vetar reformas a la Constituci\u00f3n sin tener atribuciones legales, e irse de viaje sin solicitar permiso a los diputados.<\/p>\n\n\n\n<p>&#8220;Estoy solicitando juicio pol\u00edtico contra el Gobernador. Uno, por haber hecho observaciones o vetos a decretos del Congreso que, por disposici\u00f3n de la Constituci\u00f3n local no son objeto de veto, son tres reformas a la Constituci\u00f3n que el Gobernador observ\u00f3 lo que implica una violaci\u00f3n a los art\u00edculos 90 y 126 de la Constituci\u00f3n que establecen que no se pueden hacer observaciones o vetos a \u00e9stos&#8221;, se\u00f1al\u00f3 el ex Big Brother.<\/p>\n\n\n\n<figure class=\"wp-block-image size-full\"><img loading=\"lazy\" decoding=\"async\" width=\"553\" height=\"521\" src=\"http:\/\/diariodigitalmx.com\/wp-content\/uploads\/2023\/05\/IMG-20230503-WA0080.jpg\" alt=\"\" class=\"wp-image-97266\" srcset=\"https:\/\/diariodigitalmx.com\/wp-content\/uploads\/2023\/05\/IMG-20230503-WA0080.jpg 553w, https:\/\/diariodigitalmx.com\/wp-content\/uploads\/2023\/05\/IMG-20230503-WA0080-300x283.jpg 300w\" sizes=\"(max-width: 553px) 100vw, 553px\" \/><\/figure>\n\n\n\n<p>&#8220;Tambi\u00e9n porque observ\u00f3 un nombramiento del Congreso con relaci\u00f3n a la contralor\u00eda de la Fiscal\u00eda General de Justicia, violando el art\u00edculo 126 de la Constituci\u00f3n local y la denuncia n\u00famero dos es por haber salido del pa\u00eds por m\u00e1s de tres d\u00edas sin aviso ni autorizaci\u00f3n del Congreso del Estado, violando el art\u00edculo 120 de la Constituci\u00f3n&#8221;, a\u00f1adio.<\/p>\n\n\n\n<p>Zambrano reconoci\u00f3 que a Samuel Garc\u00eda pol\u00edticamente le va bien al aprovechar lo de Telsa, pero pidi\u00f3 que le baje tantito a su emoci\u00f3n, porque hay cosas m\u00e1s importantes para atender que andar de viaje visitando plantas.<\/p>\n\n\n\n<p>&#8220;Nos tienen en un estado en llamas&#8221;, dijo, y no se ponen de acuerdo, por eso la invitaci\u00f3n es a que dialoguen y al Gobernador a que cumpla la Ley, a que predique con el ejemplo&#8221;, dijo en relaci\u00f3n al enfrentamiento con el Congreso.<\/p>\n","protected":false},"excerpt":{"rendered":"<p>Patricio Zambrano promovi\u00f3 dos juicios pol\u00edticos contra el Gobernador Samuel Garc\u00eda. El ex candidato a la Alcald\u00eda de Monterrey y que por a\u00f1os estuvo sin militar, en el Partido del Trabajo, acudi\u00f3 al Congreso Local para la promoci\u00f3n de los juicios por vetar reformas a la Constituci\u00f3n sin tener atribuciones legales, e irse de viaje [&hellip;]<\/p>\n","protected":false},"author":1,"featured_media":97265,"comment_status":"open","ping_status":"open","sticky":true,"template":"","format":"standard","meta":{"footnotes":""},"categories":[6,5],"tags":[],"_links":{"self":[{"href":"https:\/\/diariodigitalmx.com\/index.php\/wp-json\/wp\/v2\/posts\/97263"}],"collection":[{"href":"https:\/\/diariodigitalmx.com\/index.php\/wp-json\/wp\/v2\/posts"}],"about":[{"href":"https:\/\/diariodigitalmx.com\/index.php\/wp-json\/wp\/v2\/types\/post"}],"author":[{"embeddable":true,"href":"https:\/\/diariodigitalmx.com\/index.php\/wp-json\/wp\/v2\/users\/1"}],"replies":[{"embeddable":true,"href":"https:\/\/diariodigitalmx.com\/index.php\/wp-json\/wp\/v2\/comments?post=97263"}],"version-history":[{"count":2,"href":"https:\/\/diariodigitalmx.com\/index.php\/wp-json\/wp\/v2\/posts\/97263\/revisions"}],"predecessor-version":[{"id":97267,"href":"https:\/\/diariodigitalmx.com\/index.php\/wp-json\/wp\/v2\/posts\/97263\/revisions\/97267"}],"wp:featuredmedia":[{"embeddable":true,"href":"https:\/\/diariodigitalmx.com\/index.php\/wp-json\/wp\/v2\/media\/97265"}],"wp:attachment":[{"href":"https:\/\/diariodigitalmx.com\/index.php\/wp-json\/wp\/v2\/media?parent=97263"}],"wp:term":[{"taxonomy":"category","embeddable":true,"href":"https:\/\/diariodigitalmx.com\/index.php\/wp-json\/wp\/v2\/categories?post=97263"},{"taxonomy":"post_tag","embeddable":true,"href":"https:\/\/diariodigitalmx.com\/index.php\/wp-json\/wp\/v2\/tags?post=97263"}],"curies":[{"name":"wp","href":"https:\/\/api.w.org\/{rel}","templated":true}]}}