{"id":97288,"date":"2023-05-04T09:42:53","date_gmt":"2023-05-04T14:42:53","guid":{"rendered":"http:\/\/diariodigitalmx.com\/?p=97288"},"modified":"2023-05-04T09:50:30","modified_gmt":"2023-05-04T14:50:30","slug":"lo-vinculan-por-feminicidio-en-muerte-de-bionce","status":"publish","type":"post","link":"https:\/\/diariodigitalmx.com\/index.php\/2023\/05\/04\/lo-vinculan-por-feminicidio-en-muerte-de-bionce\/","title":{"rendered":"Lo vinculan por Feminicidio en muerte de Bionce"},"content":{"rendered":"\n<p><br>Fue vinculado a proceso por Feminicidio, Mart\u00edn &#8220;N&#8221; luego de que un Juez consider\u00f3 v\u00e1lidas las razones de g\u00e9nero para establecer el delito.<\/p>\n\n\n\n<p>Tambi\u00e9n estableci\u00f3 la probable intervenci\u00f3n de Mart\u00edn de 19 a\u00f1os y presunto novio de la joven, en los hechos investigados en torno a la muerte de Bionce Amaya Cortez.<\/p>\n\n\n\n<p>Por lo anterior, el Juez dicta Auto de Vinculaci\u00f3n a Proceso en contra del imputado por el delito solicitado de Feminicidio.<\/p>\n\n\n\n<p>Asimismo, se impone Medida Cautelar de Prisi\u00f3n preventiva oficiosa, a cumplir en el Centro de Reinserci\u00f3n Social Estatal en el que actualmente permanece recluido.<\/p>\n\n\n\n<p>El juez tambi\u00e9n fij\u00f3 un plazo de tres meses para cierre de investigaci\u00f3n complementaria.<\/p>\n\n\n\n<p>Lo anterior, al reanudarse la Audiencia diferida del d\u00eda 29 de abril de 2023, por ampliaci\u00f3n de t\u00e9rmino para resolver situaci\u00f3n jur\u00eddica.<\/p>\n\n\n\n<p>El pasado 27 de abril Martin &#8220;N&#8221; de 29 a\u00f1os fue vinculado a proceso por un Juez, para ser investigado por su probable participaci\u00f3n en hechos con caracter\u00edsticas compatibles con el delito de Desaparici\u00f3n cometida por particular, ocurridos en el municipio de General Bravo, tras de Bionce Amaya hab\u00edan desaparecido en el Ayuntamiento de China a donde hab\u00eda acudido a pasar d\u00edas de semana Santa junto con amigos.<\/p>\n\n\n\n<p>Bionce radicada en Mission, Texas, lleg\u00f3 a China\u00f1, Nuevo Le\u00f3n, a unos 100 kil\u00f3metros de la frontera texana para visitar familiares.<\/p>\n\n\n\n<p>La Fiscal\u00eda inform\u00f3 que mientras realizaban derrapes en una camioneta, Bionce sali\u00f3 del veh\u00edculo al abrirse la puerta, lo que le provoc\u00f3 heridas y lesiones que le causaron la muerte.<\/p>\n\n\n\n<p>La joven fue llevada a un rancho cercano en General Bravo y abandonada sin atenci\u00f3n m\u00e9dica, lo que le llev\u00f3 a la muerte. El cuerpo se localiz\u00f3 el 14 de abril.<\/p>\n\n\n\n<p>Buscan en otro estado a otro implicado<\/p>\n\n\n\n<p>Un segundo implicado en el caso de la muerte de Bionce Amaya huy\u00f3 a otra entidad, donde es buscado, inform\u00f3<br>el Vicefiscal, Luis Orozco.<\/p>\n\n\n\n<p>&#8220;Tenemos informaci\u00f3n que esta persona no se encuentra en el estado de Nuevo Le\u00f3n, hay informaci\u00f3n m\u00e1s o menos probable del sitio donde se pueda encontrar, pero s\u00ed es un hecho de que no se encuentra en Nuevo Le\u00f3n, por lo tanto esto ha dificultado asegurar a esta segunda persona&#8221;.<\/p>\n","protected":false},"excerpt":{"rendered":"<p>Fue vinculado a proceso por Feminicidio, Mart\u00edn &#8220;N&#8221; luego de que un Juez consider\u00f3 v\u00e1lidas las razones de g\u00e9nero para establecer el delito. Tambi\u00e9n estableci\u00f3 la probable intervenci\u00f3n de Mart\u00edn de 19 a\u00f1os y presunto novio de la joven, en los hechos investigados en torno a la muerte de Bionce Amaya Cortez. Por lo anterior, [&hellip;]<\/p>\n","protected":false},"author":1,"featured_media":97290,"comment_status":"open","ping_status":"open","sticky":true,"template":"","format":"standard","meta":{"footnotes":""},"categories":[3,7],"tags":[],"_links":{"self":[{"href":"https:\/\/diariodigitalmx.com\/index.php\/wp-json\/wp\/v2\/posts\/97288"}],"collection":[{"href":"https:\/\/diariodigitalmx.com\/index.php\/wp-json\/wp\/v2\/posts"}],"about":[{"href":"https:\/\/diariodigitalmx.com\/index.php\/wp-json\/wp\/v2\/types\/post"}],"author":[{"embeddable":true,"href":"https:\/\/diariodigitalmx.com\/index.php\/wp-json\/wp\/v2\/users\/1"}],"replies":[{"embeddable":true,"href":"https:\/\/diariodigitalmx.com\/index.php\/wp-json\/wp\/v2\/comments?post=97288"}],"version-history":[{"count":1,"href":"https:\/\/diariodigitalmx.com\/index.php\/wp-json\/wp\/v2\/posts\/97288\/revisions"}],"predecessor-version":[{"id":97289,"href":"https:\/\/diariodigitalmx.com\/index.php\/wp-json\/wp\/v2\/posts\/97288\/revisions\/97289"}],"wp:featuredmedia":[{"embeddable":true,"href":"https:\/\/diariodigitalmx.com\/index.php\/wp-json\/wp\/v2\/media\/97290"}],"wp:attachment":[{"href":"https:\/\/diariodigitalmx.com\/index.php\/wp-json\/wp\/v2\/media?parent=97288"}],"wp:term":[{"taxonomy":"category","embeddable":true,"href":"https:\/\/diariodigitalmx.com\/index.php\/wp-json\/wp\/v2\/categories?post=97288"},{"taxonomy":"post_tag","embeddable":true,"href":"https:\/\/diariodigitalmx.com\/index.php\/wp-json\/wp\/v2\/tags?post=97288"}],"curies":[{"name":"wp","href":"https:\/\/api.w.org\/{rel}","templated":true}]}}