{"id":97295,"date":"2023-05-04T11:59:05","date_gmt":"2023-05-04T16:59:05","guid":{"rendered":"http:\/\/diariodigitalmx.com\/?p=97295"},"modified":"2023-05-04T12:03:56","modified_gmt":"2023-05-04T17:03:56","slug":"reconocen-amlo-y-samuel-garcia-al-equipo-campeon-del-desafio-mundial-madrid-2023","status":"publish","type":"post","link":"https:\/\/diariodigitalmx.com\/index.php\/2023\/05\/04\/reconocen-amlo-y-samuel-garcia-al-equipo-campeon-del-desafio-mundial-madrid-2023\/","title":{"rendered":"Reconocen AMLO y Samuel Garc\u00eda al equipo campe\u00f3n del Desaf\u00edo Mundial Madrid 2023"},"content":{"rendered":"\n<p>Ciudad de M\u00e9xico.- El Presidente de M\u00e9xico, Andr\u00e9s Manuel L\u00f3pez Obrador reconoci\u00f3 a la selecci\u00f3n mixta de Nuevo Le\u00f3n que se coron\u00f3 campeona en el Desaf\u00edo Mundial Madrid 2023 de la Fundaci\u00f3n Real Madrid.<\/p>\n\n\n\n<p>En su conferencia ma\u00f1anera acompa\u00f1ado del Gobernador del Estado, Samuel Alejandro Garc\u00eda Sep\u00falveda y el empresario Carlos Bremer, el mandatario federal resalt\u00f3 el triunfo que obtuvieron las y los adolescentes de los Centros Comunitarios de la Secretar\u00eda de Igualdad e Inclusi\u00f3n del Gobierno de Nuevo Le\u00f3n.<\/p>\n\n\n\n<figure class=\"wp-block-image size-large\"><img loading=\"lazy\" decoding=\"async\" width=\"1024\" height=\"681\" src=\"http:\/\/diariodigitalmx.com\/wp-content\/uploads\/2023\/05\/IMG-20230504-WA0041-1024x681.jpg\" alt=\"\" class=\"wp-image-97298\" srcset=\"https:\/\/diariodigitalmx.com\/wp-content\/uploads\/2023\/05\/IMG-20230504-WA0041-1024x681.jpg 1024w, https:\/\/diariodigitalmx.com\/wp-content\/uploads\/2023\/05\/IMG-20230504-WA0041-300x199.jpg 300w, https:\/\/diariodigitalmx.com\/wp-content\/uploads\/2023\/05\/IMG-20230504-WA0041-768x511.jpg 768w, https:\/\/diariodigitalmx.com\/wp-content\/uploads\/2023\/05\/IMG-20230504-WA0041.jpg 1280w\" sizes=\"(max-width: 1024px) 100vw, 1024px\" \/><\/figure>\n\n\n\n<p>\u201cEs un triunfo muy importante, es un ejemplo para todos los ni\u00f1os, para los adolescentes y para todos los deportistas de M\u00e9xico\u201d, coment\u00f3, \u201cEs algo que nos llena de orgullo\u201d.<\/p>\n\n\n\n<p>El Gobernador refrend\u00f3 su compromiso para brindar las mejores oportunidades educativas y deportivas a los campeones y campeonas, y felicit\u00f3 a la Secretaria Martha Herrera por el logro obtenido.<\/p>\n\n\n\n<p>\u201cLo que lograron es una haza\u00f1a, porque representan a todo Nuevo Le\u00f3n y porque son los mejores de 41 Centros Comunitarios\u201d, expres\u00f3 el Mandatario estatal.<\/p>\n\n\n\n<figure class=\"wp-block-image size-large\"><img loading=\"lazy\" decoding=\"async\" width=\"1024\" height=\"682\" src=\"http:\/\/diariodigitalmx.com\/wp-content\/uploads\/2023\/05\/IMG-20230504-WA0039-1024x682.jpg\" alt=\"\" class=\"wp-image-97300\" srcset=\"https:\/\/diariodigitalmx.com\/wp-content\/uploads\/2023\/05\/IMG-20230504-WA0039-1024x682.jpg 1024w, https:\/\/diariodigitalmx.com\/wp-content\/uploads\/2023\/05\/IMG-20230504-WA0039-300x200.jpg 300w, https:\/\/diariodigitalmx.com\/wp-content\/uploads\/2023\/05\/IMG-20230504-WA0039-768x511.jpg 768w, https:\/\/diariodigitalmx.com\/wp-content\/uploads\/2023\/05\/IMG-20230504-WA0039.jpg 1280w\" sizes=\"(max-width: 1024px) 100vw, 1024px\" \/><\/figure>\n\n\n\n<p>\u201cFuimos de los pocos pa\u00edses que se atrevi\u00f3 a llevar mujeres\u201d.<\/p>\n\n\n\n<p>El empresario y patrocinador Carlos Bremer explic\u00f3 que las y los adolescentes fueron seleccionados del Torneo de Barrios que realiz\u00f3 la Secretar\u00eda de Igualdad e Inclusi\u00f3n en el cual participaron m\u00e1s de 3,500 futbolistas, de los cuales 140 fueron seleccionados para participar en las Cl\u00ednicas del Real Madrid y de \u00e9stos se eligieron los 12 que representaron a Nuevo Le\u00f3n y M\u00e9xico en la segunda edici\u00f3n del Desaf\u00edo Mundial del Real Madrid 2023.<\/p>\n\n\n\n<p>\u201cA m\u00ed me da mucho gusto que se la vengan a entregar aqu\u00ed (la copa) al Presidente. Ustedes son leyendas y un gran ejemplo del pa\u00eds\u201d, coment\u00f3.<\/p>\n\n\n\n<p>La Secretaria de Igualdad e Inclusi\u00f3n, Martha Herrera agradeci\u00f3 el reconocimiento del Presidente y resalt\u00f3 la suma de esfuerzos de patrocinadores, personas y p\u00fablico en general para lograr este sue\u00f1o real.<\/p>\n\n\n\n<p>\u201cEstamos muy orgullosos de ustedes, porque pusieron a Nuevo Le\u00f3n y a M\u00e9xico en los ojos del mundo. Ustedes ya forman parte de la historia deportiva y vamos por m\u00e1s\u201d, coment\u00f3.<\/p>\n\n\n\n<p>Con un r\u00e9cord de 7 partidos ganados, 21 goles marcados y solo 2 recibidos, la selecci\u00f3n puso a Nuevo Le\u00f3n y M\u00e9xico en alto, tras vencer a Uruguay, USA White, Bonaire, Uruguay 2, Brasil, Espa\u00f1a y Alemania.<\/p>\n\n\n\n<p>Las y los seleccionados que participaron en el Desaf\u00edo Mundial Madrid 2023 fueron seleccionados de los siguientes Centros Comunitarios.<\/p>\n\n\n\n<p>Revoluci\u00f3n Proletaria en Monterrey: Jean Alexander De Le\u00f3n Mac\u00edas, Maicol Alejandro Garc\u00eda M\u00e9ndez y Brianna Maricela Mart\u00ednez Y\u00e1\u00f1ez.<\/p>\n\n\n\n<p>Linares: Nomar Tadeo Luna Contreras, Joseph Camilo Jasso Carranza y Santiago Enrique Carranza<\/p>\n\n\n\n<p>Prados de Santa Rosa en Apodaca; Diego Emmanuel Mu\u00f1oz Garc\u00eda.<\/p>\n\n\n\n<p>H\u00e9ctor Caballero en Ju\u00e1rez: Zaira Alejandra Caballero Ju\u00e1rez y H\u00e9ctor El\u00edas Silva Ju\u00e1rez.<\/p>\n\n\n\n<p>Fernando Amilpa en Escobedo: Osvaldo Javier Cortez Mendoza y Yandel Eduardo Dom\u00ednguez S\u00e1nchez.<\/p>\n\n\n\n<p>Montemorelos: Ander Jos\u00e9 Casas Dardon.<\/p>\n","protected":false},"excerpt":{"rendered":"<p>Ciudad de M\u00e9xico.- El Presidente de M\u00e9xico, Andr\u00e9s Manuel L\u00f3pez Obrador reconoci\u00f3 a la selecci\u00f3n mixta de Nuevo Le\u00f3n que se coron\u00f3 campeona en el Desaf\u00edo Mundial Madrid 2023 de la Fundaci\u00f3n Real Madrid. En su conferencia ma\u00f1anera acompa\u00f1ado del Gobernador del Estado, Samuel Alejandro Garc\u00eda Sep\u00falveda y el empresario Carlos Bremer, el mandatario federal [&hellip;]<\/p>\n","protected":false},"author":1,"featured_media":97297,"comment_status":"open","ping_status":"open","sticky":true,"template":"","format":"standard","meta":{"footnotes":""},"categories":[8,3],"tags":[],"_links":{"self":[{"href":"https:\/\/diariodigitalmx.com\/index.php\/wp-json\/wp\/v2\/posts\/97295"}],"collection":[{"href":"https:\/\/diariodigitalmx.com\/index.php\/wp-json\/wp\/v2\/posts"}],"about":[{"href":"https:\/\/diariodigitalmx.com\/index.php\/wp-json\/wp\/v2\/types\/post"}],"author":[{"embeddable":true,"href":"https:\/\/diariodigitalmx.com\/index.php\/wp-json\/wp\/v2\/users\/1"}],"replies":[{"embeddable":true,"href":"https:\/\/diariodigitalmx.com\/index.php\/wp-json\/wp\/v2\/comments?post=97295"}],"version-history":[{"count":3,"href":"https:\/\/diariodigitalmx.com\/index.php\/wp-json\/wp\/v2\/posts\/97295\/revisions"}],"predecessor-version":[{"id":97301,"href":"https:\/\/diariodigitalmx.com\/index.php\/wp-json\/wp\/v2\/posts\/97295\/revisions\/97301"}],"wp:featuredmedia":[{"embeddable":true,"href":"https:\/\/diariodigitalmx.com\/index.php\/wp-json\/wp\/v2\/media\/97297"}],"wp:attachment":[{"href":"https:\/\/diariodigitalmx.com\/index.php\/wp-json\/wp\/v2\/media?parent=97295"}],"wp:term":[{"taxonomy":"category","embeddable":true,"href":"https:\/\/diariodigitalmx.com\/index.php\/wp-json\/wp\/v2\/categories?post=97295"},{"taxonomy":"post_tag","embeddable":true,"href":"https:\/\/diariodigitalmx.com\/index.php\/wp-json\/wp\/v2\/tags?post=97295"}],"curies":[{"name":"wp","href":"https:\/\/api.w.org\/{rel}","templated":true}]}}