{"id":9732,"date":"2019-08-12T16:46:31","date_gmt":"2019-08-12T21:46:31","guid":{"rendered":"http:\/\/diariodigitalmx.com\/?p=9732"},"modified":"2019-08-12T17:10:23","modified_gmt":"2019-08-12T22:10:23","slug":"incrementa-escobedo-areas-verdes-amplia-parque-lineal-las-torres-y-plantearan-550-arboles-mas","status":"publish","type":"post","link":"https:\/\/diariodigitalmx.com\/index.php\/2019\/08\/12\/incrementa-escobedo-areas-verdes-amplia-parque-lineal-las-torres-y-plantearan-550-arboles-mas\/","title":{"rendered":"Incrementa Escobedo \u00e1reas verdes; ampl\u00eda parque lineal Las Torres y plantar\u00e1n 550 \u00e1rboles m\u00e1s"},"content":{"rendered":"\n<figure class=\"wp-block-image\"><img loading=\"lazy\" decoding=\"async\" width=\"1024\" height=\"925\" src=\"http:\/\/diariodigitalmx.com\/wp-content\/uploads\/2019\/08\/IMG_0750-1024x925.jpg\" alt=\"\" class=\"wp-image-9735\" srcset=\"https:\/\/diariodigitalmx.com\/wp-content\/uploads\/2019\/08\/IMG_0750-1024x925.jpg 1024w, https:\/\/diariodigitalmx.com\/wp-content\/uploads\/2019\/08\/IMG_0750-300x271.jpg 300w, https:\/\/diariodigitalmx.com\/wp-content\/uploads\/2019\/08\/IMG_0750-768x694.jpg 768w\" sizes=\"(max-width: 1024px) 100vw, 1024px\" \/><\/figure>\n\n\n\n<p><\/p>\n\n\n\n<p><br><\/p>\n\n\n\n<p>Con un incremento de cuatro hect\u00e1reas y una extensi\u00f3n de 700 metros, la Alcaldesa de Escobedo, Clara Luz Flores Carrales dio inici\u00f3 a los trabajos de construcci\u00f3n de la cuarta etapa del Parque Lineal Las Torres.<\/p>\n\n\n\n<p>El tramo a incorporarse, en el que se plantar\u00e1n en dos fases 550 \u00e1rboles y se construir\u00e1 una vitapista, una ciclopista y un estacionamiento, va desde el vado que est\u00e1 a la altura de la Colonia Los Olivos hasta la V\u00eda Monterrey-Torre\u00f3n.<\/p>\n\n\n\n<figure class=\"wp-block-image\"><img loading=\"lazy\" decoding=\"async\" width=\"1024\" height=\"683\" src=\"http:\/\/diariodigitalmx.com\/wp-content\/uploads\/2019\/08\/IMG_0808-1024x683.jpg\" alt=\"\" class=\"wp-image-9737\" srcset=\"https:\/\/diariodigitalmx.com\/wp-content\/uploads\/2019\/08\/IMG_0808-1024x683.jpg 1024w, https:\/\/diariodigitalmx.com\/wp-content\/uploads\/2019\/08\/IMG_0808-300x200.jpg 300w, https:\/\/diariodigitalmx.com\/wp-content\/uploads\/2019\/08\/IMG_0808-768x512.jpg 768w\" sizes=\"(max-width: 1024px) 100vw, 1024px\" \/><\/figure>\n\n\n\n<p>Para goce de las familias, la Edil se\u00f1al\u00f3 que el parque pasar\u00e1 de 2.6 a 3.3 kil\u00f3metros y de 19 a 23 hect\u00e1reas, donde los paseantes podr\u00e1n ejercitarse y realizar actividades recreativas y de esparcimiento.&nbsp;<\/p>\n\n\n\n<p>\u201cLa idea es que sigamos integrando este espacio, que siga siendo un centro de uni\u00f3n\u201d, dijo Flores Carrales.<\/p>\n\n\n\n<figure class=\"wp-block-image\"><img loading=\"lazy\" decoding=\"async\" width=\"1024\" height=\"887\" src=\"http:\/\/diariodigitalmx.com\/wp-content\/uploads\/2019\/08\/IMG_0731-1024x887.jpg\" alt=\"\" class=\"wp-image-9739\" srcset=\"https:\/\/diariodigitalmx.com\/wp-content\/uploads\/2019\/08\/IMG_0731-1024x887.jpg 1024w, https:\/\/diariodigitalmx.com\/wp-content\/uploads\/2019\/08\/IMG_0731-300x260.jpg 300w, https:\/\/diariodigitalmx.com\/wp-content\/uploads\/2019\/08\/IMG_0731-768x665.jpg 768w\" sizes=\"(max-width: 1024px) 100vw, 1024px\" \/><\/figure>\n\n\n\n<p>\u201cTodo mundo ya ve el parque como un punto de reuni\u00f3n y queremos que esto se extienda, pero que adem\u00e1s haya mejores condiciones de vida para todos\u201d.&nbsp;<\/p>\n\n\n\n<p>La Alcaldesa mencion\u00f3 que a la par de Las Torres, su Administraci\u00f3n est\u00e1 construyendo los parques lineales San Miguel-San Francisco; Avenida Monterrey, de Avenida Agualeguas a R\u00edo Pesquer\u00eda; Avenida Monterrey, desde Avenida Las \u00c1guilas hasta Avenida Las Torres; 18 de Octubre; Rep\u00fablica Mexicana y Sendero.<\/p>\n\n\n\n<figure class=\"wp-block-image\"><img loading=\"lazy\" decoding=\"async\" width=\"1024\" height=\"721\" src=\"http:\/\/diariodigitalmx.com\/wp-content\/uploads\/2019\/08\/IMG_0804-1-1024x721.jpg\" alt=\"\" class=\"wp-image-9743\" srcset=\"https:\/\/diariodigitalmx.com\/wp-content\/uploads\/2019\/08\/IMG_0804-1-1024x721.jpg 1024w, https:\/\/diariodigitalmx.com\/wp-content\/uploads\/2019\/08\/IMG_0804-1-300x211.jpg 300w, https:\/\/diariodigitalmx.com\/wp-content\/uploads\/2019\/08\/IMG_0804-1-768x541.jpg 768w\" sizes=\"(max-width: 1024px) 100vw, 1024px\" \/><\/figure>\n\n\n\n<p>Con ellos, sumados los espacios de la Avenida Ra\u00fal Salinas, Avenida Acueducto y Santa Luz, las \u00e1reas verdes del Municipio en parques lineales pasar\u00e1n de una longitud de 9.3 a 14.3 kil\u00f3metros, y una superficie de 32.5 a 45 hect\u00e1reas.&nbsp;<br><\/p>\n\n\n\n<figure class=\"wp-block-image\"><img loading=\"lazy\" decoding=\"async\" width=\"1024\" height=\"683\" src=\"http:\/\/diariodigitalmx.com\/wp-content\/uploads\/2019\/08\/IMG_0727-1024x683.jpg\" alt=\"\" class=\"wp-image-9746\" srcset=\"https:\/\/diariodigitalmx.com\/wp-content\/uploads\/2019\/08\/IMG_0727-1024x683.jpg 1024w, https:\/\/diariodigitalmx.com\/wp-content\/uploads\/2019\/08\/IMG_0727-300x200.jpg 300w, https:\/\/diariodigitalmx.com\/wp-content\/uploads\/2019\/08\/IMG_0727-768x512.jpg 768w\" sizes=\"(max-width: 1024px) 100vw, 1024px\" \/><\/figure>\n","protected":false},"excerpt":{"rendered":"<p>Con un incremento de cuatro hect\u00e1reas y una extensi\u00f3n de 700 metros, la Alcaldesa de Escobedo, Clara Luz Flores Carrales dio inici\u00f3 a los trabajos de construcci\u00f3n de la cuarta etapa del Parque Lineal Las Torres. El tramo a incorporarse, en el que se plantar\u00e1n en dos fases 550 \u00e1rboles y se construir\u00e1 una vitapista, [&hellip;]<\/p>\n","protected":false},"author":1,"featured_media":9734,"comment_status":"open","ping_status":"open","sticky":true,"template":"","format":"standard","meta":{"footnotes":""},"categories":[6],"tags":[],"_links":{"self":[{"href":"https:\/\/diariodigitalmx.com\/index.php\/wp-json\/wp\/v2\/posts\/9732"}],"collection":[{"href":"https:\/\/diariodigitalmx.com\/index.php\/wp-json\/wp\/v2\/posts"}],"about":[{"href":"https:\/\/diariodigitalmx.com\/index.php\/wp-json\/wp\/v2\/types\/post"}],"author":[{"embeddable":true,"href":"https:\/\/diariodigitalmx.com\/index.php\/wp-json\/wp\/v2\/users\/1"}],"replies":[{"embeddable":true,"href":"https:\/\/diariodigitalmx.com\/index.php\/wp-json\/wp\/v2\/comments?post=9732"}],"version-history":[{"count":7,"href":"https:\/\/diariodigitalmx.com\/index.php\/wp-json\/wp\/v2\/posts\/9732\/revisions"}],"predecessor-version":[{"id":9748,"href":"https:\/\/diariodigitalmx.com\/index.php\/wp-json\/wp\/v2\/posts\/9732\/revisions\/9748"}],"wp:featuredmedia":[{"embeddable":true,"href":"https:\/\/diariodigitalmx.com\/index.php\/wp-json\/wp\/v2\/media\/9734"}],"wp:attachment":[{"href":"https:\/\/diariodigitalmx.com\/index.php\/wp-json\/wp\/v2\/media?parent=9732"}],"wp:term":[{"taxonomy":"category","embeddable":true,"href":"https:\/\/diariodigitalmx.com\/index.php\/wp-json\/wp\/v2\/categories?post=9732"},{"taxonomy":"post_tag","embeddable":true,"href":"https:\/\/diariodigitalmx.com\/index.php\/wp-json\/wp\/v2\/tags?post=9732"}],"curies":[{"name":"wp","href":"https:\/\/api.w.org\/{rel}","templated":true}]}}