{"id":97416,"date":"2023-05-06T08:07:28","date_gmt":"2023-05-06T13:07:28","guid":{"rendered":"http:\/\/diariodigitalmx.com\/?p=97416"},"modified":"2023-05-06T08:08:23","modified_gmt":"2023-05-06T13:08:23","slug":"en-que-canal-y-a-que-hora-ver-la-pelea-canelo-vs-ryder","status":"publish","type":"post","link":"https:\/\/diariodigitalmx.com\/index.php\/2023\/05\/06\/en-que-canal-y-a-que-hora-ver-la-pelea-canelo-vs-ryder\/","title":{"rendered":"En qu\u00e9 canal y a qu\u00e9 hora ver la pelea Canelo vs Ryder"},"content":{"rendered":"\n<p>\u00bfD\u00f3nde ser\u00e1 el combate?<br>Sa\u00fal Canelo \u00c1lvarez enfrentar\u00e1 al brit\u00e1nico John Ryder en el Estadio Akron de Zapopan, Jalisco, ante m\u00e1s de 50 mil espectadores.<br>\u00bfCu\u00e1ndo ser\u00e1 el combate?<br>Los boxeadores se medir\u00e1n este s\u00e1bado 6 de mayo a las 22:00 horas.<br>\u00bfD\u00f3nde podr\u00e1s ver el combate?<br>Se podr\u00e1 ver a trav\u00e9s de las se\u00f1ales de ESPN, Azteca 7, TUDN y en la plataforma DAZN.<\/p>\n\n\n\n<p>Expondr\u00e1 todos los t\u00edtulos de peso Supermediano y va en busca del noc\u00e1ut 40 de su carrera.<\/p>\n","protected":false},"excerpt":{"rendered":"<p>\u00bfD\u00f3nde ser\u00e1 el combate?Sa\u00fal Canelo \u00c1lvarez enfrentar\u00e1 al brit\u00e1nico John Ryder en el Estadio Akron de Zapopan, Jalisco, ante m\u00e1s de 50 mil espectadores.\u00bfCu\u00e1ndo ser\u00e1 el combate?Los boxeadores se medir\u00e1n este s\u00e1bado 6 de mayo a las 22:00 horas.\u00bfD\u00f3nde podr\u00e1s ver el combate?Se podr\u00e1 ver a trav\u00e9s de las se\u00f1ales de ESPN, Azteca 7, TUDN [&hellip;]<\/p>\n","protected":false},"author":1,"featured_media":97418,"comment_status":"open","ping_status":"open","sticky":true,"template":"","format":"standard","meta":{"footnotes":""},"categories":[8,3],"tags":[],"_links":{"self":[{"href":"https:\/\/diariodigitalmx.com\/index.php\/wp-json\/wp\/v2\/posts\/97416"}],"collection":[{"href":"https:\/\/diariodigitalmx.com\/index.php\/wp-json\/wp\/v2\/posts"}],"about":[{"href":"https:\/\/diariodigitalmx.com\/index.php\/wp-json\/wp\/v2\/types\/post"}],"author":[{"embeddable":true,"href":"https:\/\/diariodigitalmx.com\/index.php\/wp-json\/wp\/v2\/users\/1"}],"replies":[{"embeddable":true,"href":"https:\/\/diariodigitalmx.com\/index.php\/wp-json\/wp\/v2\/comments?post=97416"}],"version-history":[{"count":2,"href":"https:\/\/diariodigitalmx.com\/index.php\/wp-json\/wp\/v2\/posts\/97416\/revisions"}],"predecessor-version":[{"id":97419,"href":"https:\/\/diariodigitalmx.com\/index.php\/wp-json\/wp\/v2\/posts\/97416\/revisions\/97419"}],"wp:featuredmedia":[{"embeddable":true,"href":"https:\/\/diariodigitalmx.com\/index.php\/wp-json\/wp\/v2\/media\/97418"}],"wp:attachment":[{"href":"https:\/\/diariodigitalmx.com\/index.php\/wp-json\/wp\/v2\/media?parent=97416"}],"wp:term":[{"taxonomy":"category","embeddable":true,"href":"https:\/\/diariodigitalmx.com\/index.php\/wp-json\/wp\/v2\/categories?post=97416"},{"taxonomy":"post_tag","embeddable":true,"href":"https:\/\/diariodigitalmx.com\/index.php\/wp-json\/wp\/v2\/tags?post=97416"}],"curies":[{"name":"wp","href":"https:\/\/api.w.org\/{rel}","templated":true}]}}