{"id":97437,"date":"2023-05-06T13:34:06","date_gmt":"2023-05-06T18:34:06","guid":{"rendered":"http:\/\/diariodigitalmx.com\/?p=97437"},"modified":"2023-05-06T13:35:39","modified_gmt":"2023-05-06T18:35:39","slug":"protestan-en-dif-capullos-por-muerte-de-menor-escandalo-en-la-institucion","status":"publish","type":"post","link":"https:\/\/diariodigitalmx.com\/index.php\/2023\/05\/06\/protestan-en-dif-capullos-por-muerte-de-menor-escandalo-en-la-institucion\/","title":{"rendered":"Protestan en DIF Capullos por muerte de menor; esc\u00e1ndalo en la instituci\u00f3n"},"content":{"rendered":"\n<p>Monterrey . &#8211; El DIF Nuevo Le\u00f3n envi\u00f3 al estado de M\u00e9xico a dos menores de edad, de las cuales una muri\u00f3 en un albergue privado y la otra permanece all\u00e1, por lo que protestaron en el DIF Capullos, familiares de las hermanas.<\/p>\n\n\n\n<p>&#8220;Exigimos que se aclare la muerte de Lupita&#8221;, &#8220;regresen a la hermana de \u00c1ngela Lupita&#8221;, &#8220;Gloria no seas pinocha y deja de mentir al pueblo&#8221;, fueron entre otras, las pancartas que portaron durante su protesta.<\/p>\n\n\n\n<figure class=\"wp-block-image size-large\"><img loading=\"lazy\" decoding=\"async\" width=\"1024\" height=\"576\" src=\"http:\/\/diariodigitalmx.com\/wp-content\/uploads\/2023\/05\/IMG-20230506-WA0022-1024x576.jpg\" alt=\"\" class=\"wp-image-97440\" srcset=\"https:\/\/diariodigitalmx.com\/wp-content\/uploads\/2023\/05\/IMG-20230506-WA0022-1024x576.jpg 1024w, https:\/\/diariodigitalmx.com\/wp-content\/uploads\/2023\/05\/IMG-20230506-WA0022-300x169.jpg 300w, https:\/\/diariodigitalmx.com\/wp-content\/uploads\/2023\/05\/IMG-20230506-WA0022-768x432.jpg 768w, https:\/\/diariodigitalmx.com\/wp-content\/uploads\/2023\/05\/IMG-20230506-WA0022-1536x864.jpg 1536w, https:\/\/diariodigitalmx.com\/wp-content\/uploads\/2023\/05\/IMG-20230506-WA0022.jpg 1600w\" sizes=\"(max-width: 1024px) 100vw, 1024px\" \/><\/figure>\n\n\n\n<p>Mariela Guadalupe Torres, madre de \u00c1ngela, de 15 a\u00f1os, revel\u00f3 que apenas se enteraron que habr\u00eda fallecido en el Centro de Vida Independiente, ubicado en Cuautitlan, Izcalli, estado de M\u00e9xico.<\/p>\n\n\n\n<p>Torres agreg\u00f3 que solamente sabe que su hija muri\u00f3 el 25 de marzo, pero no hay mayores informes.<\/p>\n\n\n\n<p>La familia exige que les entreguen los restos de la de 15 a\u00f1os y entreguen a la menor de 14 a\u00f1os, y han solicitado<br>a la directora del DIF, Gloria Baz\u00e1n, que les de una explicaci\u00f3n y se entreguen los restos de la ni\u00f1a.<\/p>\n\n\n\n<p>Desde hace siete a\u00f1os las ni\u00f1as estaban en Capullos y no fueron enteradas del traslado a la Ciudad de M\u00e9xico, pues nunca se les aviso a los familiares, adem\u00e1s de que desconocen el motivo por el que se les traslad\u00f3 all\u00e1.<\/p>\n\n\n\n<p>&#8220;Yo estuve viniendo a unas citas para que me las entregaran, pero la Fiscal me dijo que no era apta y quer\u00eda que le firmara los papeles de adopci\u00f3n y me dijo que si me negaba me iba a quitar a otra ni\u00f1a que ten\u00eda y desde ah\u00ed me negaron las visitas, fue hace seis a\u00f1os&#8221;, abund\u00f3.<\/p>\n\n\n\n<p>Angela, de acuerdo a la diputada Jessica Mart\u00ednez que ha estado cerca de la familia, habr\u00eda muerto en un accidente al caer del tercero o cuarto piso del albergue, en una \u00e1rea insegura del albergue privado.<\/p>\n","protected":false},"excerpt":{"rendered":"<p>Monterrey . &#8211; El DIF Nuevo Le\u00f3n envi\u00f3 al estado de M\u00e9xico a dos menores de edad, de las cuales una muri\u00f3 en un albergue privado y la otra permanece all\u00e1, por lo que protestaron en el DIF Capullos, familiares de las hermanas. &#8220;Exigimos que se aclare la muerte de Lupita&#8221;, &#8220;regresen a la hermana [&hellip;]<\/p>\n","protected":false},"author":1,"featured_media":97439,"comment_status":"open","ping_status":"open","sticky":true,"template":"","format":"standard","meta":{"footnotes":""},"categories":[6,3],"tags":[],"_links":{"self":[{"href":"https:\/\/diariodigitalmx.com\/index.php\/wp-json\/wp\/v2\/posts\/97437"}],"collection":[{"href":"https:\/\/diariodigitalmx.com\/index.php\/wp-json\/wp\/v2\/posts"}],"about":[{"href":"https:\/\/diariodigitalmx.com\/index.php\/wp-json\/wp\/v2\/types\/post"}],"author":[{"embeddable":true,"href":"https:\/\/diariodigitalmx.com\/index.php\/wp-json\/wp\/v2\/users\/1"}],"replies":[{"embeddable":true,"href":"https:\/\/diariodigitalmx.com\/index.php\/wp-json\/wp\/v2\/comments?post=97437"}],"version-history":[{"count":2,"href":"https:\/\/diariodigitalmx.com\/index.php\/wp-json\/wp\/v2\/posts\/97437\/revisions"}],"predecessor-version":[{"id":97441,"href":"https:\/\/diariodigitalmx.com\/index.php\/wp-json\/wp\/v2\/posts\/97437\/revisions\/97441"}],"wp:featuredmedia":[{"embeddable":true,"href":"https:\/\/diariodigitalmx.com\/index.php\/wp-json\/wp\/v2\/media\/97439"}],"wp:attachment":[{"href":"https:\/\/diariodigitalmx.com\/index.php\/wp-json\/wp\/v2\/media?parent=97437"}],"wp:term":[{"taxonomy":"category","embeddable":true,"href":"https:\/\/diariodigitalmx.com\/index.php\/wp-json\/wp\/v2\/categories?post=97437"},{"taxonomy":"post_tag","embeddable":true,"href":"https:\/\/diariodigitalmx.com\/index.php\/wp-json\/wp\/v2\/tags?post=97437"}],"curies":[{"name":"wp","href":"https:\/\/api.w.org\/{rel}","templated":true}]}}