{"id":97442,"date":"2023-05-06T21:44:14","date_gmt":"2023-05-07T02:44:14","guid":{"rendered":"http:\/\/diariodigitalmx.com\/?p=97442"},"modified":"2023-05-06T21:45:02","modified_gmt":"2023-05-07T02:45:02","slug":"deportan-a-133-guatemaltecos","status":"publish","type":"post","link":"https:\/\/diariodigitalmx.com\/index.php\/2023\/05\/06\/deportan-a-133-guatemaltecos\/","title":{"rendered":"Deportan a 133 guatemaltecos"},"content":{"rendered":"\n<p><br>Por Rogelio Romero<br>Harlingen, Texas.- Un grupo de 133 guatemaltecos fue repatriado a su pa\u00eds en un vuelo que sali\u00f3 del aeropuerto de esta ciudad, seg\u00fan informaron autoridades migratorias estadounidenses.<br>El operativo estuvo coordinado por personsl del ICE ( polic\u00eda de inmigraci\u00f3n) y, es parte del programa de remociones que se realiza bajo la medida de T\u00edtulo 42.<br>De acuerdo a la informaci\u00f3n cada semana se realizan 12 vuelos desde diferentes aeropuertos de la naci\u00f3n , y donde son repatriados a sus pa\u00edses de origen, los migrantes que cruzan la frontera ilegalmente.<br>El Departamento de Seguridad Interna inform\u00f3 que en lo que va del presente a\u00f1o fiscal mediante este m\u00e9todo, han sido removidos del pa\u00eds 225,483 personas sin documentos de estancia legal.<br>Esto representa un importante incremento en comparado con las 170,896 deportaciones registradas en 2022.<\/p>\n","protected":false},"excerpt":{"rendered":"<p>Por Rogelio RomeroHarlingen, Texas.- Un grupo de 133 guatemaltecos fue repatriado a su pa\u00eds en un vuelo que sali\u00f3 del aeropuerto de esta ciudad, seg\u00fan informaron autoridades migratorias estadounidenses.El operativo estuvo coordinado por personsl del ICE ( polic\u00eda de inmigraci\u00f3n) y, es parte del programa de remociones que se realiza bajo la medida de T\u00edtulo [&hellip;]<\/p>\n","protected":false},"author":1,"featured_media":97444,"comment_status":"open","ping_status":"open","sticky":true,"template":"","format":"standard","meta":{"footnotes":""},"categories":[14,4],"tags":[],"_links":{"self":[{"href":"https:\/\/diariodigitalmx.com\/index.php\/wp-json\/wp\/v2\/posts\/97442"}],"collection":[{"href":"https:\/\/diariodigitalmx.com\/index.php\/wp-json\/wp\/v2\/posts"}],"about":[{"href":"https:\/\/diariodigitalmx.com\/index.php\/wp-json\/wp\/v2\/types\/post"}],"author":[{"embeddable":true,"href":"https:\/\/diariodigitalmx.com\/index.php\/wp-json\/wp\/v2\/users\/1"}],"replies":[{"embeddable":true,"href":"https:\/\/diariodigitalmx.com\/index.php\/wp-json\/wp\/v2\/comments?post=97442"}],"version-history":[{"count":1,"href":"https:\/\/diariodigitalmx.com\/index.php\/wp-json\/wp\/v2\/posts\/97442\/revisions"}],"predecessor-version":[{"id":97443,"href":"https:\/\/diariodigitalmx.com\/index.php\/wp-json\/wp\/v2\/posts\/97442\/revisions\/97443"}],"wp:featuredmedia":[{"embeddable":true,"href":"https:\/\/diariodigitalmx.com\/index.php\/wp-json\/wp\/v2\/media\/97444"}],"wp:attachment":[{"href":"https:\/\/diariodigitalmx.com\/index.php\/wp-json\/wp\/v2\/media?parent=97442"}],"wp:term":[{"taxonomy":"category","embeddable":true,"href":"https:\/\/diariodigitalmx.com\/index.php\/wp-json\/wp\/v2\/categories?post=97442"},{"taxonomy":"post_tag","embeddable":true,"href":"https:\/\/diariodigitalmx.com\/index.php\/wp-json\/wp\/v2\/tags?post=97442"}],"curies":[{"name":"wp","href":"https:\/\/api.w.org\/{rel}","templated":true}]}}