{"id":97456,"date":"2023-05-06T23:33:55","date_gmt":"2023-05-07T04:33:55","guid":{"rendered":"http:\/\/diariodigitalmx.com\/?p=97456"},"modified":"2023-05-06T23:34:40","modified_gmt":"2023-05-07T04:34:40","slug":"segunda-semana-de-mayo-despliegue-de-tropas-en-frontera-con-mexico","status":"publish","type":"post","link":"https:\/\/diariodigitalmx.com\/index.php\/2023\/05\/06\/segunda-semana-de-mayo-despliegue-de-tropas-en-frontera-con-mexico\/","title":{"rendered":"Segunda semana de mayo despliegue de tropas en frontera con M\u00e9xico"},"content":{"rendered":"\n<p><br>Por Rogelio Romero<br>Estados Unidos.- Un comunicado del Comando Militar Norte se\u00f1ala que todo el personal castrense convocado para labores en la frontera de EU con M\u00e9xico, deber\u00e1 estar activo a partir del 10 o 11 de mayo.<br>De los 1500 militares covocados, la mayor\u00eda pertenece al ej\u00e9rcito, otra parte ser\u00e1n marinos y un peque\u00f1o grupo de personal perteneciente a la Fuerza A\u00e9rea.<br>En las labores de seguridad fronteriza, participar\u00e1n elementos del Batall\u00f3n 93 de la Polic\u00eda Militar de Fort Bliss, que tiene su sede en Texas.<br>Tambi\u00e9n fueron convocados elementos del Segundo Regimiento de la Marina y otros de la Segunda Divisi\u00f3n de Marinos ambos con sede en Lejeune, Carolina del Norte.<br>El \u00faltimo grupo castrense que recibi\u00f3 el llamado lo es el Segundo Batall\u00f3n de Combate Log\u00edstico, y que, tambi\u00e9n proviene de la misma sede militar que los otros dos contingentes.<br>Las fuerzas militares convocadas por el gobierno del presidente Joe Biden, realizar\u00e1n tareas de inteligencia y monitoreo en la frontera con M\u00e9xico, as\u00ed como la administraci\u00f3n de bodegas destinadas para labores de seguridad fronteriza.<\/p>\n","protected":false},"excerpt":{"rendered":"<p>Por Rogelio RomeroEstados Unidos.- Un comunicado del Comando Militar Norte se\u00f1ala que todo el personal castrense convocado para labores en la frontera de EU con M\u00e9xico, deber\u00e1 estar activo a partir del 10 o 11 de mayo.De los 1500 militares covocados, la mayor\u00eda pertenece al ej\u00e9rcito, otra parte ser\u00e1n marinos y un peque\u00f1o grupo de [&hellip;]<\/p>\n","protected":false},"author":1,"featured_media":97458,"comment_status":"open","ping_status":"open","sticky":true,"template":"","format":"standard","meta":{"footnotes":""},"categories":[14,4],"tags":[],"_links":{"self":[{"href":"https:\/\/diariodigitalmx.com\/index.php\/wp-json\/wp\/v2\/posts\/97456"}],"collection":[{"href":"https:\/\/diariodigitalmx.com\/index.php\/wp-json\/wp\/v2\/posts"}],"about":[{"href":"https:\/\/diariodigitalmx.com\/index.php\/wp-json\/wp\/v2\/types\/post"}],"author":[{"embeddable":true,"href":"https:\/\/diariodigitalmx.com\/index.php\/wp-json\/wp\/v2\/users\/1"}],"replies":[{"embeddable":true,"href":"https:\/\/diariodigitalmx.com\/index.php\/wp-json\/wp\/v2\/comments?post=97456"}],"version-history":[{"count":1,"href":"https:\/\/diariodigitalmx.com\/index.php\/wp-json\/wp\/v2\/posts\/97456\/revisions"}],"predecessor-version":[{"id":97457,"href":"https:\/\/diariodigitalmx.com\/index.php\/wp-json\/wp\/v2\/posts\/97456\/revisions\/97457"}],"wp:featuredmedia":[{"embeddable":true,"href":"https:\/\/diariodigitalmx.com\/index.php\/wp-json\/wp\/v2\/media\/97458"}],"wp:attachment":[{"href":"https:\/\/diariodigitalmx.com\/index.php\/wp-json\/wp\/v2\/media?parent=97456"}],"wp:term":[{"taxonomy":"category","embeddable":true,"href":"https:\/\/diariodigitalmx.com\/index.php\/wp-json\/wp\/v2\/categories?post=97456"},{"taxonomy":"post_tag","embeddable":true,"href":"https:\/\/diariodigitalmx.com\/index.php\/wp-json\/wp\/v2\/tags?post=97456"}],"curies":[{"name":"wp","href":"https:\/\/api.w.org\/{rel}","templated":true}]}}