{"id":97479,"date":"2023-05-07T12:53:02","date_gmt":"2023-05-07T17:53:02","guid":{"rendered":"http:\/\/diariodigitalmx.com\/?p=97479"},"modified":"2023-05-07T12:56:46","modified_gmt":"2023-05-07T17:56:46","slug":"aplican-examenes-para-reducir-rezago-educativo-en-adultos","status":"publish","type":"post","link":"https:\/\/diariodigitalmx.com\/index.php\/2023\/05\/07\/aplican-examenes-para-reducir-rezago-educativo-en-adultos\/","title":{"rendered":"Aplican examen para reducir rezago educativo en adultos"},"content":{"rendered":"\n<p>\u25cf Realizan jornada para que por medio de un examen, adultos del municipio de Santa Catarina acrediten sus estudios de primaria y secundaria y puedan obtener su certificado de estudios.<\/p>\n\n\n\n<p>Para reducir el rezago educativo en la entidad, la Secretar\u00eda de Igualdad e Inclusi\u00f3n y la Secretar\u00eda de Educaci\u00f3n, aplicaron ex\u00e1menes para la certificaci\u00f3n de educaci\u00f3n b\u00e1sica de 100 personas mayores de 15 a\u00f1os, en el Municipio de Santa Catarina.<\/p>\n\n\n\n<figure class=\"wp-block-image size-large\"><img loading=\"lazy\" decoding=\"async\" width=\"1024\" height=\"768\" src=\"http:\/\/diariodigitalmx.com\/wp-content\/uploads\/2023\/05\/image00007-1024x768.jpeg\" alt=\"\" class=\"wp-image-97483\" srcset=\"https:\/\/diariodigitalmx.com\/wp-content\/uploads\/2023\/05\/image00007-1024x768.jpeg 1024w, https:\/\/diariodigitalmx.com\/wp-content\/uploads\/2023\/05\/image00007-300x225.jpeg 300w, https:\/\/diariodigitalmx.com\/wp-content\/uploads\/2023\/05\/image00007-768x576.jpeg 768w, https:\/\/diariodigitalmx.com\/wp-content\/uploads\/2023\/05\/image00007.jpeg 1280w\" sizes=\"(max-width: 1024px) 100vw, 1024px\" \/><\/figure>\n\n\n\n<p>La jornada se realiz\u00f3 en la Secundaria n\u00famero 69 \u201cLuis Donaldo Colosio\u201d, donde Igualdad e Inclusi\u00f3n tambi\u00e9n acerc\u00f3 programas y servicios de los tres niveles y organizaciones de la sociedad civil a trav\u00e9s de una Estaci\u00f3n de Atenci\u00f3n Comunitaria.<\/p>\n\n\n\n<p>En lo que va de a\u00f1o se ha aplicado el examen a m\u00e1s de 700 personas que por diversas razones no hab\u00edan concluido sus estudios de nivel b\u00e1sico.<\/p>\n\n\n\n<figure class=\"wp-block-image size-large\"><img loading=\"lazy\" decoding=\"async\" width=\"1024\" height=\"768\" src=\"http:\/\/diariodigitalmx.com\/wp-content\/uploads\/2023\/05\/image00002-1024x768.jpeg\" alt=\"\" class=\"wp-image-97486\" srcset=\"https:\/\/diariodigitalmx.com\/wp-content\/uploads\/2023\/05\/image00002-1024x768.jpeg 1024w, https:\/\/diariodigitalmx.com\/wp-content\/uploads\/2023\/05\/image00002-300x225.jpeg 300w, https:\/\/diariodigitalmx.com\/wp-content\/uploads\/2023\/05\/image00002-768x576.jpeg 768w, https:\/\/diariodigitalmx.com\/wp-content\/uploads\/2023\/05\/image00002-1536x1152.jpeg 1536w, https:\/\/diariodigitalmx.com\/wp-content\/uploads\/2023\/05\/image00002.jpeg 1600w\" sizes=\"(max-width: 1024px) 100vw, 1024px\" \/><\/figure>\n\n\n\n<p>De acuerdo con el Consejo Nacional de Evaluaci\u00f3n de la Pol\u00edtica de Desarrollo Social (CONEVAL), en 2020, en Nuevo Le\u00f3n habitaban m\u00e1s de 841 mil personas en situaci\u00f3n de rezago educativo.<\/p>\n\n\n\n<figure class=\"wp-block-image size-large\"><img loading=\"lazy\" decoding=\"async\" width=\"1024\" height=\"768\" src=\"http:\/\/diariodigitalmx.com\/wp-content\/uploads\/2023\/05\/image00006-1024x768.jpeg\" alt=\"\" class=\"wp-image-97489\" srcset=\"https:\/\/diariodigitalmx.com\/wp-content\/uploads\/2023\/05\/image00006-1024x768.jpeg 1024w, https:\/\/diariodigitalmx.com\/wp-content\/uploads\/2023\/05\/image00006-300x225.jpeg 300w, https:\/\/diariodigitalmx.com\/wp-content\/uploads\/2023\/05\/image00006-768x576.jpeg 768w, https:\/\/diariodigitalmx.com\/wp-content\/uploads\/2023\/05\/image00006.jpeg 1280w\" sizes=\"(max-width: 1024px) 100vw, 1024px\" \/><\/figure>\n\n\n\n<p>En el marco de los trabajos de la \u201cV\u00eda de Educaci\u00f3n. La Nueva Ruta, Te Lleva a la Escuela\u201d, encabezada por la Secretar\u00eda de Igualdad e Inclusi\u00f3n, se realizan aplicaciones masivas de ex\u00e1menes para la aprobaci\u00f3n del nivel b\u00e1sico con el apoyo del Instituto Nacional para la Educaci\u00f3n de los Adultos (INEA) y de la Coordinaci\u00f3n del Sistema Estatal de Educaci\u00f3n para los Adultos de Nuevo Le\u00f3n (COSEA).<\/p>\n","protected":false},"excerpt":{"rendered":"<p>\u25cf Realizan jornada para que por medio de un examen, adultos del municipio de Santa Catarina acrediten sus estudios de primaria y secundaria y puedan obtener su certificado de estudios. Para reducir el rezago educativo en la entidad, la Secretar\u00eda de Igualdad e Inclusi\u00f3n y la Secretar\u00eda de Educaci\u00f3n, aplicaron ex\u00e1menes para la certificaci\u00f3n de [&hellip;]<\/p>\n","protected":false},"author":1,"featured_media":97482,"comment_status":"open","ping_status":"open","sticky":true,"template":"","format":"standard","meta":{"footnotes":""},"categories":[14,6],"tags":[],"_links":{"self":[{"href":"https:\/\/diariodigitalmx.com\/index.php\/wp-json\/wp\/v2\/posts\/97479"}],"collection":[{"href":"https:\/\/diariodigitalmx.com\/index.php\/wp-json\/wp\/v2\/posts"}],"about":[{"href":"https:\/\/diariodigitalmx.com\/index.php\/wp-json\/wp\/v2\/types\/post"}],"author":[{"embeddable":true,"href":"https:\/\/diariodigitalmx.com\/index.php\/wp-json\/wp\/v2\/users\/1"}],"replies":[{"embeddable":true,"href":"https:\/\/diariodigitalmx.com\/index.php\/wp-json\/wp\/v2\/comments?post=97479"}],"version-history":[{"count":5,"href":"https:\/\/diariodigitalmx.com\/index.php\/wp-json\/wp\/v2\/posts\/97479\/revisions"}],"predecessor-version":[{"id":97490,"href":"https:\/\/diariodigitalmx.com\/index.php\/wp-json\/wp\/v2\/posts\/97479\/revisions\/97490"}],"wp:featuredmedia":[{"embeddable":true,"href":"https:\/\/diariodigitalmx.com\/index.php\/wp-json\/wp\/v2\/media\/97482"}],"wp:attachment":[{"href":"https:\/\/diariodigitalmx.com\/index.php\/wp-json\/wp\/v2\/media?parent=97479"}],"wp:term":[{"taxonomy":"category","embeddable":true,"href":"https:\/\/diariodigitalmx.com\/index.php\/wp-json\/wp\/v2\/categories?post=97479"},{"taxonomy":"post_tag","embeddable":true,"href":"https:\/\/diariodigitalmx.com\/index.php\/wp-json\/wp\/v2\/tags?post=97479"}],"curies":[{"name":"wp","href":"https:\/\/api.w.org\/{rel}","templated":true}]}}