{"id":9749,"date":"2019-08-12T20:17:15","date_gmt":"2019-08-13T01:17:15","guid":{"rendered":"http:\/\/diariodigitalmx.com\/?p=9749"},"modified":"2019-08-12T20:18:36","modified_gmt":"2019-08-13T01:18:36","slug":"inseguridad-causa-de-la-muerte-de-integrante-de-los-socios-del-ritmo","status":"publish","type":"post","link":"https:\/\/diariodigitalmx.com\/index.php\/2019\/08\/12\/inseguridad-causa-de-la-muerte-de-integrante-de-los-socios-del-ritmo\/","title":{"rendered":"Inseguridad, causa de la muerte de integrante de &#8220;Los Socios del Ritmo&#8217;"},"content":{"rendered":"\n<p>*Extraoficialmente se sabe que el hijo del l\u00edder de la agrupaci\u00f3n musical estuvo privado de su libertad por varios d\u00edas<\/p>\n\n\n\n<p><\/p>\n\n\n\n<p>Ingrid Ruiz Rivera<br><\/p>\n\n\n\n<p>Veracruz, Ver.- A trav\u00e9s de un comunicado de prensa, la agrupaci\u00f3n musical de origen veracruzana \u201cLos Socios del Ritmo\u201d inform\u00f3 de la muerte del hijo del l\u00edder del grupo, Luis Antonio Ruiz Pinz\u00f3n mejor conocido como \u201cTonacho\u201d, v\u00edctima de la ola de inseguridad que prevalece en el pa\u00eds.<br><\/p>\n\n\n\n<p>Seg\u00fan el comunicado, el l\u00edder de la agrupaci\u00f3n prefiri\u00f3 no revelar los detalles de la muerte de su hijo Jorge Antonio Ruiz Collado, pero extraoficialmente se sabe que el chico estuvo privado de su libertad por varios d\u00edas.<\/p>\n\n\n\n<p><br><\/p>\n\n\n\n<figure class=\"wp-block-image\"><img loading=\"lazy\" decoding=\"async\" width=\"400\" height=\"260\" src=\"http:\/\/diariodigitalmx.com\/wp-content\/uploads\/2019\/08\/lossocios.jpg\" alt=\"\" class=\"wp-image-9752\" srcset=\"https:\/\/diariodigitalmx.com\/wp-content\/uploads\/2019\/08\/lossocios.jpg 400w, https:\/\/diariodigitalmx.com\/wp-content\/uploads\/2019\/08\/lossocios-300x195.jpg 300w\" sizes=\"(max-width: 400px) 100vw, 400px\" \/><\/figure>\n\n\n\n<p>Presuntamente se habr\u00eda pedido un rescate millonario por entregarlo sano y salvo y aunque se hizo el pago correspondiente el joven fue asesinado.<br><\/p>\n\n\n\n<p>La agrupaci\u00f3n musical de \u201cAmor por internet\u201d, reprob\u00f3 la inseguridad que enfrenta el pa\u00eds entero, sin embargo comentan que solo a trav\u00e9s del documento se hablar\u00eda del tema sin volver a mencionarlo.<\/p>\n","protected":false},"excerpt":{"rendered":"<p>*Extraoficialmente se sabe que el hijo del l\u00edder de la agrupaci\u00f3n musical estuvo privado de su libertad por varios d\u00edas Ingrid Ruiz Rivera Veracruz, Ver.- A trav\u00e9s de un comunicado de prensa, la agrupaci\u00f3n musical de origen veracruzana \u201cLos Socios del Ritmo\u201d inform\u00f3 de la muerte del hijo del l\u00edder del grupo, Luis Antonio Ruiz [&hellip;]<\/p>\n","protected":false},"author":1,"featured_media":9751,"comment_status":"open","ping_status":"open","sticky":true,"template":"","format":"standard","meta":{"footnotes":""},"categories":[9],"tags":[],"_links":{"self":[{"href":"https:\/\/diariodigitalmx.com\/index.php\/wp-json\/wp\/v2\/posts\/9749"}],"collection":[{"href":"https:\/\/diariodigitalmx.com\/index.php\/wp-json\/wp\/v2\/posts"}],"about":[{"href":"https:\/\/diariodigitalmx.com\/index.php\/wp-json\/wp\/v2\/types\/post"}],"author":[{"embeddable":true,"href":"https:\/\/diariodigitalmx.com\/index.php\/wp-json\/wp\/v2\/users\/1"}],"replies":[{"embeddable":true,"href":"https:\/\/diariodigitalmx.com\/index.php\/wp-json\/wp\/v2\/comments?post=9749"}],"version-history":[{"count":3,"href":"https:\/\/diariodigitalmx.com\/index.php\/wp-json\/wp\/v2\/posts\/9749\/revisions"}],"predecessor-version":[{"id":9754,"href":"https:\/\/diariodigitalmx.com\/index.php\/wp-json\/wp\/v2\/posts\/9749\/revisions\/9754"}],"wp:featuredmedia":[{"embeddable":true,"href":"https:\/\/diariodigitalmx.com\/index.php\/wp-json\/wp\/v2\/media\/9751"}],"wp:attachment":[{"href":"https:\/\/diariodigitalmx.com\/index.php\/wp-json\/wp\/v2\/media?parent=9749"}],"wp:term":[{"taxonomy":"category","embeddable":true,"href":"https:\/\/diariodigitalmx.com\/index.php\/wp-json\/wp\/v2\/categories?post=9749"},{"taxonomy":"post_tag","embeddable":true,"href":"https:\/\/diariodigitalmx.com\/index.php\/wp-json\/wp\/v2\/tags?post=9749"}],"curies":[{"name":"wp","href":"https:\/\/api.w.org\/{rel}","templated":true}]}}