{"id":97498,"date":"2023-05-07T19:30:46","date_gmt":"2023-05-08T00:30:46","guid":{"rendered":"http:\/\/diariodigitalmx.com\/?p=97498"},"modified":"2023-05-07T19:32:42","modified_gmt":"2023-05-08T00:32:42","slug":"rezan-para-salvar-su-vida-ante-balacera","status":"publish","type":"post","link":"https:\/\/diariodigitalmx.com\/index.php\/2023\/05\/07\/rezan-para-salvar-su-vida-ante-balacera\/","title":{"rendered":"Rezan para salvar su vida ante balacera"},"content":{"rendered":"\n<figure class=\"wp-block-embed is-type-rich is-provider-twitter wp-block-embed-twitter\"><div class=\"wp-block-embed__wrapper\">\n<blockquote class=\"twitter-tweet\" data-width=\"550\" data-dnt=\"true\"><p lang=\"es\" dir=\"ltr\"><a href=\"https:\/\/twitter.com\/hashtag\/CABORCA?src=hash&amp;ref_src=twsrc%5Etfw\">#CABORCA<\/a> SONORA \ud83d\udea8 <br>SE SOLT\u00d3 EL DIABLO EN TRINCHERAS SONORA , 2 MILITARES HERIDOS EN EMBOSCADA, EN HECHOS OCURRIDOS ESTE S\u00c1BADO EN LA POBLACI\u00d3N DE TRINCHERAS SONORA. <a href=\"https:\/\/t.co\/dWQ2VUaNHV\">pic.twitter.com\/dWQ2VUaNHV<\/a><\/p>&mdash; TamaulipasInforma y TamaulipasTe (@TamaulipasI) <a href=\"https:\/\/twitter.com\/TamaulipasI\/status\/1655164262191357952?ref_src=twsrc%5Etfw\">May 7, 2023<\/a><\/blockquote><script async src=\"https:\/\/platform.twitter.com\/widgets.js\" charset=\"utf-8\"><\/script>\n<\/div><\/figure>\n\n\n\n<p>&#8220;Sangre de Cristo, retiralos se\u00f1or&#8221;, as\u00ed rezan adultos y ni\u00f1os integrantes de la Iglesia de Dios en M\u00e9xico, que realizaban una campa\u00f1a evang\u00e9lica de sanidad y milagros en la plaza del municipio de Trincheras, Sonora, cuando se desat\u00f3 un enfrentamiento entre militares y hombres armados.<\/p>\n\n\n\n<p>Un par de soldados fueron heridos y posteriormente recibieron atenci\u00f3n m\u00e9dica.<\/p>\n\n\n\n<p>&#8220;Terrible fue la experiencia que vivieron todos los que asistieron, pero a pesar de todo, ninguna bala hiri\u00f3 a ninguno Gracias a Dios&#8221;, escribi\u00f3 Jes\u00fas P\u00e9rez Pedroza, quien difundi\u00f3 el video.<\/p>\n\n\n\n<p>Las autoridades dijeron que un comando embosc\u00f3 a elementos de la Secretar\u00eda de la Defensa Nacional, ataque que fue repelido por los militares.<\/p>\n","protected":false},"excerpt":{"rendered":"<p>&#8220;Sangre de Cristo, retiralos se\u00f1or&#8221;, as\u00ed rezan adultos y ni\u00f1os integrantes de la Iglesia de Dios en M\u00e9xico, que realizaban una campa\u00f1a evang\u00e9lica de sanidad y milagros en la plaza del municipio de Trincheras, Sonora, cuando se desat\u00f3 un enfrentamiento entre militares y hombres armados. Un par de soldados fueron heridos y posteriormente recibieron atenci\u00f3n [&hellip;]<\/p>\n","protected":false},"author":1,"featured_media":97500,"comment_status":"open","ping_status":"open","sticky":true,"template":"","format":"standard","meta":{"footnotes":""},"categories":[2,3],"tags":[],"_links":{"self":[{"href":"https:\/\/diariodigitalmx.com\/index.php\/wp-json\/wp\/v2\/posts\/97498"}],"collection":[{"href":"https:\/\/diariodigitalmx.com\/index.php\/wp-json\/wp\/v2\/posts"}],"about":[{"href":"https:\/\/diariodigitalmx.com\/index.php\/wp-json\/wp\/v2\/types\/post"}],"author":[{"embeddable":true,"href":"https:\/\/diariodigitalmx.com\/index.php\/wp-json\/wp\/v2\/users\/1"}],"replies":[{"embeddable":true,"href":"https:\/\/diariodigitalmx.com\/index.php\/wp-json\/wp\/v2\/comments?post=97498"}],"version-history":[{"count":2,"href":"https:\/\/diariodigitalmx.com\/index.php\/wp-json\/wp\/v2\/posts\/97498\/revisions"}],"predecessor-version":[{"id":97501,"href":"https:\/\/diariodigitalmx.com\/index.php\/wp-json\/wp\/v2\/posts\/97498\/revisions\/97501"}],"wp:featuredmedia":[{"embeddable":true,"href":"https:\/\/diariodigitalmx.com\/index.php\/wp-json\/wp\/v2\/media\/97500"}],"wp:attachment":[{"href":"https:\/\/diariodigitalmx.com\/index.php\/wp-json\/wp\/v2\/media?parent=97498"}],"wp:term":[{"taxonomy":"category","embeddable":true,"href":"https:\/\/diariodigitalmx.com\/index.php\/wp-json\/wp\/v2\/categories?post=97498"},{"taxonomy":"post_tag","embeddable":true,"href":"https:\/\/diariodigitalmx.com\/index.php\/wp-json\/wp\/v2\/tags?post=97498"}],"curies":[{"name":"wp","href":"https:\/\/api.w.org\/{rel}","templated":true}]}}