{"id":97502,"date":"2023-05-07T20:53:05","date_gmt":"2023-05-08T01:53:05","guid":{"rendered":"http:\/\/diariodigitalmx.com\/?p=97502"},"modified":"2023-05-07T20:54:05","modified_gmt":"2023-05-08T01:54:05","slug":"biden-declara-luto-nacional-por-victimas-de-tiroteo-en-texas","status":"publish","type":"post","link":"https:\/\/diariodigitalmx.com\/index.php\/2023\/05\/07\/biden-declara-luto-nacional-por-victimas-de-tiroteo-en-texas\/","title":{"rendered":"Biden declara luto nacional por v\u00edctimas de tiroteo en Texas"},"content":{"rendered":"\n<p><br>Por Rogelio Romero<br>Texas.- El presidente Joe Biden declar\u00f3 cinco d\u00edas de luto nacional por el mortal tiroteo que se registr\u00f3 el s\u00e1bado por la tarde en la poblaci\u00f3n texana de Allen, donde murieron 8 personas as\u00ed como el agresor.<br>La bandera de Estados Unidos ondear\u00e1 a media asta en se\u00f1al de luto en todos los edificios y oficinas gubernamentales hasta el pr\u00f3ximo 11 de mayo.<br>Esto tambi\u00e9n incluye instalaciones de las fuerzas armadas, consulados y embajadas estadounidenses.<br>\u201cUna vez m\u00e1s le pido al Congreso de Estados Unidos que me env\u00ede un proyecto de ley que proh\u00edba las armas de asalto y los cargadores de alta capacidad\u201d, se\u00f1al\u00f3 el mandatario estadounidense.<br>En el presente a\u00f1o se han registrado m\u00e1s de 200 tiroteos, y una de las principales causas de muerte de 14 mil ni\u00f1os en el pa\u00eds, se debe a la violencia armada.<br>En el tiroteo de Texas una de las v\u00edctimas fue un ni\u00f1o de 5 a\u00f1os de edad.<br>El presidente Biden agreg\u00f3 que el tirador de Allen portaba equipo t\u00e1ctico, y llevaba consigo un rifle de asalto AR-15.<br>Por otra parte fuentes policiales an\u00f3nimas en Allen, confirmaron a la cadena de televisi\u00f3n NBC que el tirador se llamaba Mauricio Garc\u00eda,de 39 a\u00f1os de edad.<br>Seg\u00fan la indagatoria el sujeto interactuaba con contenidos neonazis y supremacistas en el Internet.<br>Garc\u00eda fue abatido por un<br>polic\u00eda local despu\u00e9s de haber cometido la matanza en una plaza comercial.<\/p>\n","protected":false},"excerpt":{"rendered":"<p>Por Rogelio RomeroTexas.- El presidente Joe Biden declar\u00f3 cinco d\u00edas de luto nacional por el mortal tiroteo que se registr\u00f3 el s\u00e1bado por la tarde en la poblaci\u00f3n texana de Allen, donde murieron 8 personas as\u00ed como el agresor.La bandera de Estados Unidos ondear\u00e1 a media asta en se\u00f1al de luto en todos los edificios [&hellip;]<\/p>\n","protected":false},"author":1,"featured_media":97504,"comment_status":"open","ping_status":"open","sticky":true,"template":"","format":"standard","meta":{"footnotes":""},"categories":[14,4],"tags":[],"_links":{"self":[{"href":"https:\/\/diariodigitalmx.com\/index.php\/wp-json\/wp\/v2\/posts\/97502"}],"collection":[{"href":"https:\/\/diariodigitalmx.com\/index.php\/wp-json\/wp\/v2\/posts"}],"about":[{"href":"https:\/\/diariodigitalmx.com\/index.php\/wp-json\/wp\/v2\/types\/post"}],"author":[{"embeddable":true,"href":"https:\/\/diariodigitalmx.com\/index.php\/wp-json\/wp\/v2\/users\/1"}],"replies":[{"embeddable":true,"href":"https:\/\/diariodigitalmx.com\/index.php\/wp-json\/wp\/v2\/comments?post=97502"}],"version-history":[{"count":2,"href":"https:\/\/diariodigitalmx.com\/index.php\/wp-json\/wp\/v2\/posts\/97502\/revisions"}],"predecessor-version":[{"id":97505,"href":"https:\/\/diariodigitalmx.com\/index.php\/wp-json\/wp\/v2\/posts\/97502\/revisions\/97505"}],"wp:featuredmedia":[{"embeddable":true,"href":"https:\/\/diariodigitalmx.com\/index.php\/wp-json\/wp\/v2\/media\/97504"}],"wp:attachment":[{"href":"https:\/\/diariodigitalmx.com\/index.php\/wp-json\/wp\/v2\/media?parent=97502"}],"wp:term":[{"taxonomy":"category","embeddable":true,"href":"https:\/\/diariodigitalmx.com\/index.php\/wp-json\/wp\/v2\/categories?post=97502"},{"taxonomy":"post_tag","embeddable":true,"href":"https:\/\/diariodigitalmx.com\/index.php\/wp-json\/wp\/v2\/tags?post=97502"}],"curies":[{"name":"wp","href":"https:\/\/api.w.org\/{rel}","templated":true}]}}