{"id":97506,"date":"2023-05-07T21:17:16","date_gmt":"2023-05-08T02:17:16","guid":{"rendered":"http:\/\/diariodigitalmx.com\/?p=97506"},"modified":"2023-05-07T21:17:47","modified_gmt":"2023-05-08T02:17:47","slug":"esto-responde-lorena-de-la-garza-a-las-criticas-del-consejo-civico-sobre-permisos-para-transporte","status":"publish","type":"post","link":"https:\/\/diariodigitalmx.com\/index.php\/2023\/05\/07\/esto-responde-lorena-de-la-garza-a-las-criticas-del-consejo-civico-sobre-permisos-para-transporte\/","title":{"rendered":"Esto responde Lorena de la Garza a las cr\u00edticas del Consejo C\u00edvico sobre permisos para transporte"},"content":{"rendered":"\n<p>La diputada Lorena de la Garza abord\u00f3 las cr\u00edticas recibidas por parte del Consejo C\u00edvico respecto a la reforma de la Ley de Movilidad, que permite la extensi\u00f3n por un a\u00f1o de los permisos para taxis y veh\u00edculos de transporte p\u00fablico con m\u00e1s de 10 a\u00f1os de servicio.<\/p>\n\n\n\n<p>De la Garza sostuvo que esta medida es una soluci\u00f3n a la crisis de movilidad actual, ya que, si se impidiera la circulaci\u00f3n de estos veh\u00edculos, la situaci\u00f3n se agravar\u00eda, dejando a miles de usuarios sin opciones de transporte y afectando la econom\u00eda local.<\/p>\n\n\n\n<p>Esta reforma permite que taxis y camiones con una antig\u00fcedad de hasta 10 a\u00f1os sigan circulando por un a\u00f1o adicional, con el prop\u00f3sito de enfrentar la creciente crisis de movilidad en el estado. La legisladora destac\u00f3 que aproximadamente 30 mil familias dependen econ\u00f3micamente de estos veh\u00edculos de transporte, por lo que la reforma promueve una regulaci\u00f3n m\u00e1s flexible y adaptada a las necesidades de la poblaci\u00f3n.<\/p>\n\n\n\n<p>La diputada a\u00f1adi\u00f3 que el Instituto de Movilidad y Accesibilidad de Nuevo Le\u00f3n es el encargado de emitir las reglas y lineamientos espec\u00edficos para la expedici\u00f3n del visto bueno a los veh\u00edculos que soliciten la extensi\u00f3n de sus permisos. Esto incluir\u00e1 inspecciones documentales para verificar la legalidad y el cumplimiento de requisitos, as\u00ed como revisiones f\u00edsico-mec\u00e1nicas para asegurar que los veh\u00edculos de transporte antiguo contin\u00faen siendo seguros y aptos para circular. Estas medidas garantizan que, a pesar de su antig\u00fcedad, los veh\u00edculos que se acojan a la reforma de la Ley de Movilidad cumplan con los est\u00e1ndares de calidad y seguridad necesarios para proteger a los usuarios y mantener un servicio de transporte eficiente.<\/p>\n","protected":false},"excerpt":{"rendered":"<p>La diputada Lorena de la Garza abord\u00f3 las cr\u00edticas recibidas por parte del Consejo C\u00edvico respecto a la reforma de la Ley de Movilidad, que permite la extensi\u00f3n por un a\u00f1o de los permisos para taxis y veh\u00edculos de transporte p\u00fablico con m\u00e1s de 10 a\u00f1os de servicio. De la Garza sostuvo que esta medida [&hellip;]<\/p>\n","protected":false},"author":1,"featured_media":97508,"comment_status":"open","ping_status":"open","sticky":true,"template":"","format":"standard","meta":{"footnotes":""},"categories":[14,6],"tags":[],"_links":{"self":[{"href":"https:\/\/diariodigitalmx.com\/index.php\/wp-json\/wp\/v2\/posts\/97506"}],"collection":[{"href":"https:\/\/diariodigitalmx.com\/index.php\/wp-json\/wp\/v2\/posts"}],"about":[{"href":"https:\/\/diariodigitalmx.com\/index.php\/wp-json\/wp\/v2\/types\/post"}],"author":[{"embeddable":true,"href":"https:\/\/diariodigitalmx.com\/index.php\/wp-json\/wp\/v2\/users\/1"}],"replies":[{"embeddable":true,"href":"https:\/\/diariodigitalmx.com\/index.php\/wp-json\/wp\/v2\/comments?post=97506"}],"version-history":[{"count":1,"href":"https:\/\/diariodigitalmx.com\/index.php\/wp-json\/wp\/v2\/posts\/97506\/revisions"}],"predecessor-version":[{"id":97507,"href":"https:\/\/diariodigitalmx.com\/index.php\/wp-json\/wp\/v2\/posts\/97506\/revisions\/97507"}],"wp:featuredmedia":[{"embeddable":true,"href":"https:\/\/diariodigitalmx.com\/index.php\/wp-json\/wp\/v2\/media\/97508"}],"wp:attachment":[{"href":"https:\/\/diariodigitalmx.com\/index.php\/wp-json\/wp\/v2\/media?parent=97506"}],"wp:term":[{"taxonomy":"category","embeddable":true,"href":"https:\/\/diariodigitalmx.com\/index.php\/wp-json\/wp\/v2\/categories?post=97506"},{"taxonomy":"post_tag","embeddable":true,"href":"https:\/\/diariodigitalmx.com\/index.php\/wp-json\/wp\/v2\/tags?post=97506"}],"curies":[{"name":"wp","href":"https:\/\/api.w.org\/{rel}","templated":true}]}}